{"id":3011,"date":"2019-01-29T12:23:43","date_gmt":"2019-01-29T11:23:43","guid":{"rendered":"http:\/\/lestfrexgn.cluster020.hosting.ovh.net\/?p=3011"},"modified":"2019-01-29T12:23:52","modified_gmt":"2019-01-29T11:23:52","slug":"ie10-microsoft-annonce-sa-fin-prochaine","status":"publish","type":"post","link":"https:\/\/les2t.fr\/fr_fr\/ie10-microsoft-annonce-sa-fin-prochaine\/","title":{"rendered":"IE10 \u2013 Microsoft annonce sa fin prochaine"},"content":{"rendered":"\n<figure class=\"wp-block-image\"><img loading=\"lazy\" decoding=\"async\" width=\"800\" height=\"250\" src=\"https:\/\/les2t.fr\/wp-content\/uploads\/2017\/02\/BANIe.png\" alt=\"\" class=\"wp-image-2429\" srcset=\"https:\/\/les2t.fr\/wp-content\/uploads\/2017\/02\/BANIe.png 800w, https:\/\/les2t.fr\/wp-content\/uploads\/2017\/02\/BANIe-300x94.png 300w, https:\/\/les2t.fr\/wp-content\/uploads\/2017\/02\/BANIe-768x240.png 768w\" sizes=\"(max-width: 800px) 100vw, 800px\" \/><\/figure>\n\n\n\n<p>IE10 est encore soutenu par l\u2019\u00e9diteur sur Windows Server 2012 et Windows Embedded 8 standard. Mais comme Windows 7, il sera abandonn\u00e9 en Janvier 2020. A compter de cette date Microsoft ne publiera plus aucune mise \u00e0 jour, m\u00eame de s\u00e9curit\u00e9. Il faudra donc passer sous Internet Explorer 11 avant cette date.<\/p>\n\n\n\n<!--more-->\n\n\n\n<p>Pour vous simplifier le d\u00e9ploiement, vous pourrez\nt\u00e9l\u00e9charger IE11 via le catalogue Microsoft Update. Mais Microsoft publiera\n\u00e9galement une mise \u00e0 niveau vers IE11 via Windows Update et Windows Server\nUpdate Services (WSUS) pour toutes les versions de Windows Server 2012 et Windows\nEmbedded 8 Standard plus tard dans l\u2019ann\u00e9e.<\/p>\n\n\n\n<p>Internet Explorer 11 sera disponible pour les clients\nWindows Server 2012 et Windows Embedded 8 Standard sous la forme de\nl&rsquo;exp\u00e9rience IE classique (ou de bureau). L&rsquo;exp\u00e9rience Modern IE ne sera pas\nprise en charge sur IE11 pour Windows Server 2012 et Windows Embedded 8\nStandard.<\/p>\n\n\n\n<p>Pour lire l\u2019annonce\u00a0: <a href=\"https:\/\/techcommunity.microsoft.com\/t5\/Windows-IT-Pro-Blog\/Bringing-Internet-Explorer-11-to-Windows-Server-2012-and-Windows\/ba-p\/325297\" target=\"_blank\" rel=\"noreferrer noopener\" aria-label=\" (opens in a new tab)\">https:\/\/techcommunity.microsoft.com\/t5\/Windows-IT-Pro-Blog\/Bringing-Internet-Explorer-11-to-Windows-Server-2012-and-Windows\/ba-p\/325297<\/a><\/p>\n\n\n\n<p>Cycle de vie d\u2019IE\u00a0: <a href=\"https:\/\/support.microsoft.com\/fr-fr\/help\/17454\/lifecycle-faq-internet-explorer\" target=\"_blank\" rel=\"noreferrer noopener\" aria-label=\" (opens in a new tab)\">https:\/\/support.microsoft.com\/fr-fr\/help\/17454\/lifecycle-faq-internet-explorer<\/a> <\/p>\n","protected":false},"excerpt":{"rendered":"<p>IE10 est encore soutenu par l\u2019\u00e9diteur sur Windows Server 2012 et Windows Embedded 8 standard. Mais comme Windows 7, il sera abandonn\u00e9 en Janvier 2020. A compter de cette date Microsoft ne publiera plus aucune mise \u00e0 jour, m\u00eame de s\u00e9curit\u00e9. Il faudra donc passer sous Internet Explorer 11 avant cette date.<\/p>\n","protected":false},"author":1,"featured_media":0,"comment_status":"closed","ping_status":"closed","sticky":false,"template":"","format":"standard","meta":{"_et_pb_use_builder":"","_et_pb_old_content":"","_et_gb_content_width":"","_jetpack_memberships_contains_paid_content":false,"footnotes":""},"categories":[42,89],"tags":[44,283,36,286,288,50,287],"class_list":["post-3011","post","type-post","status-publish","format-standard","hentry","category-internet-explorer-11","category-server-2","tag-ie","tag-ie10","tag-microsoft","tag-mise-a-jour","tag-windows-8","tag-windows-server-2012-2","tag-windows-serveur-2012"],"yoast_head":"<!-- This site is optimized with the Yoast SEO plugin v25.3.1 - https:\/\/yoast.com\/wordpress\/plugins\/seo\/ -->\n<title>IE10 \u2013 Microsoft annonce sa fin prochaine - Les2T<\/title>\n<meta name=\"robots\" content=\"index, follow, max-snippet:-1, max-image-preview:large, max-video-preview:-1\" \/>\n<link rel=\"canonical\" href=\"https:\/\/les2t.fr\/fr_fr\/ie10-microsoft-annonce-sa-fin-prochaine\/\" \/>\n<meta property=\"og:locale\" content=\"fr_FR\" \/>\n<meta property=\"og:type\" content=\"article\" \/>\n<meta property=\"og:title\" content=\"IE10 \u2013 Microsoft annonce sa fin prochaine - Les2T\" \/>\n<meta property=\"og:description\" content=\"IE10 est encore soutenu par l\u2019\u00e9diteur sur Windows Server 2012 et Windows Embedded 8 standard. Mais comme Windows 7, il sera abandonn\u00e9 en Janvier 2020. A compter de cette date Microsoft ne publiera plus aucune mise \u00e0 jour, m\u00eame de s\u00e9curit\u00e9. Il faudra donc passer sous Internet Explorer 11 avant cette date.\" \/>\n<meta property=\"og:url\" content=\"https:\/\/les2t.fr\/fr_fr\/ie10-microsoft-annonce-sa-fin-prochaine\/\" \/>\n<meta property=\"og:site_name\" content=\"Les2T\" \/>\n<meta property=\"article:published_time\" content=\"2019-01-29T11:23:43+00:00\" \/>\n<meta property=\"article:modified_time\" content=\"2019-01-29T11:23:52+00:00\" \/>\n<meta property=\"og:image\" content=\"https:\/\/les2t.fr\/wp-content\/uploads\/2017\/02\/BANIe.png\" \/>\n<meta name=\"author\" content=\"TRARBACH Jean-Yves\" \/>\n<meta name=\"twitter:card\" content=\"summary_large_image\" \/>\n<meta name=\"twitter:label1\" content=\"\u00c9crit par\" \/>\n\t<meta name=\"twitter:data1\" content=\"TRARBACH Jean-Yves\" \/>\n\t<meta name=\"twitter:label2\" content=\"Dur\u00e9e de lecture estim\u00e9e\" \/>\n\t<meta name=\"twitter:data2\" content=\"1 minute\" \/>\n<script type=\"application\/ld+json\" class=\"yoast-schema-graph\">{\"@context\":\"https:\/\/schema.org\",\"@graph\":[{\"@type\":\"WebPage\",\"@id\":\"https:\/\/les2t.fr\/ie10-microsoft-annonce-sa-fin-prochaine\/\",\"url\":\"https:\/\/les2t.fr\/ie10-microsoft-annonce-sa-fin-prochaine\/\",\"name\":\"IE10 \u2013 Microsoft annonce sa fin prochaine - Les2T\",\"isPartOf\":{\"@id\":\"https:\/\/les2t.fr\/fr_fr\/#website\"},\"primaryImageOfPage\":{\"@id\":\"https:\/\/les2t.fr\/ie10-microsoft-annonce-sa-fin-prochaine\/#primaryimage\"},\"image\":{\"@id\":\"https:\/\/les2t.fr\/ie10-microsoft-annonce-sa-fin-prochaine\/#primaryimage\"},\"thumbnailUrl\":\"https:\/\/les2t.fr\/wp-content\/uploads\/2017\/02\/BANIe.png\",\"datePublished\":\"2019-01-29T11:23:43+00:00\",\"dateModified\":\"2019-01-29T11:23:52+00:00\",\"author\":{\"@id\":\"https:\/\/les2t.fr\/fr_fr\/#\/schema\/person\/d96bb4f512f9aeb12dc923def245768e\"},\"breadcrumb\":{\"@id\":\"https:\/\/les2t.fr\/ie10-microsoft-annonce-sa-fin-prochaine\/#breadcrumb\"},\"inLanguage\":\"fr-FR\",\"potentialAction\":[{\"@type\":\"ReadAction\",\"target\":[\"https:\/\/les2t.fr\/ie10-microsoft-annonce-sa-fin-prochaine\/\"]}]},{\"@type\":\"ImageObject\",\"inLanguage\":\"fr-FR\",\"@id\":\"https:\/\/les2t.fr\/ie10-microsoft-annonce-sa-fin-prochaine\/#primaryimage\",\"url\":\"https:\/\/les2t.fr\/wp-content\/uploads\/2017\/02\/BANIe.png\",\"contentUrl\":\"https:\/\/les2t.fr\/wp-content\/uploads\/2017\/02\/BANIe.png\"},{\"@type\":\"BreadcrumbList\",\"@id\":\"https:\/\/les2t.fr\/ie10-microsoft-annonce-sa-fin-prochaine\/#breadcrumb\",\"itemListElement\":[{\"@type\":\"ListItem\",\"position\":1,\"name\":\"Home\",\"item\":\"https:\/\/les2t.fr\/fr_fr\/\"},{\"@type\":\"ListItem\",\"position\":2,\"name\":\"IE10 \u2013 Microsoft annonce sa fin prochaine\"}]},{\"@type\":\"WebSite\",\"@id\":\"https:\/\/les2t.fr\/fr_fr\/#website\",\"url\":\"https:\/\/les2t.fr\/fr_fr\/\",\"name\":\"Les2T\",\"description\":\"| BLOG  IT |\",\"potentialAction\":[{\"@type\":\"SearchAction\",\"target\":{\"@type\":\"EntryPoint\",\"urlTemplate\":\"https:\/\/les2t.fr\/fr_fr\/?s={search_term_string}\"},\"query-input\":{\"@type\":\"PropertyValueSpecification\",\"valueRequired\":true,\"valueName\":\"search_term_string\"}}],\"inLanguage\":\"fr-FR\"},{\"@type\":\"Person\",\"@id\":\"https:\/\/les2t.fr\/fr_fr\/#\/schema\/person\/d96bb4f512f9aeb12dc923def245768e\",\"name\":\"TRARBACH Jean-Yves\",\"image\":{\"@type\":\"ImageObject\",\"inLanguage\":\"fr-FR\",\"@id\":\"https:\/\/les2t.fr\/fr_fr\/#\/schema\/person\/image\/\",\"url\":\"https:\/\/les2t.fr\/wp-content\/uploads\/2023\/02\/JeanYvestrarbach-96x96.jpg\",\"contentUrl\":\"https:\/\/les2t.fr\/wp-content\/uploads\/2023\/02\/JeanYvestrarbach-96x96.jpg\",\"caption\":\"TRARBACH Jean-Yves\"},\"description\":\"Head Of Modern Workplace Metsys MVP Windows &amp; devices For IT\",\"sameAs\":[\"https:\/\/les2t.fr\/jean-yves-trarbach\/\"],\"url\":\"https:\/\/les2t.fr\/fr_fr\/author\/kounac\/\"}]}<\/script>\n<!-- \/ Yoast SEO plugin. -->","yoast_head_json":{"title":"IE10 \u2013 Microsoft annonce sa fin prochaine - Les2T","robots":{"index":"index","follow":"follow","max-snippet":"max-snippet:-1","max-image-preview":"max-image-preview:large","max-video-preview":"max-video-preview:-1"},"canonical":"https:\/\/les2t.fr\/fr_fr\/ie10-microsoft-annonce-sa-fin-prochaine\/","og_locale":"fr_FR","og_type":"article","og_title":"IE10 \u2013 Microsoft annonce sa fin prochaine - Les2T","og_description":"IE10 est encore soutenu par l\u2019\u00e9diteur sur Windows Server 2012 et Windows Embedded 8 standard. Mais comme Windows 7, il sera abandonn\u00e9 en Janvier 2020. A compter de cette date Microsoft ne publiera plus aucune mise \u00e0 jour, m\u00eame de s\u00e9curit\u00e9. Il faudra donc passer sous Internet Explorer 11 avant cette date.","og_url":"https:\/\/les2t.fr\/fr_fr\/ie10-microsoft-annonce-sa-fin-prochaine\/","og_site_name":"Les2T","article_published_time":"2019-01-29T11:23:43+00:00","article_modified_time":"2019-01-29T11:23:52+00:00","og_image":[{"url":"https:\/\/les2t.fr\/wp-content\/uploads\/2017\/02\/BANIe.png","type":"","width":"","height":""}],"author":"TRARBACH Jean-Yves","twitter_card":"summary_large_image","twitter_misc":{"\u00c9crit par":"TRARBACH Jean-Yves","Dur\u00e9e de lecture estim\u00e9e":"1 minute"},"schema":{"@context":"https:\/\/schema.org","@graph":[{"@type":"WebPage","@id":"https:\/\/les2t.fr\/ie10-microsoft-annonce-sa-fin-prochaine\/","url":"https:\/\/les2t.fr\/ie10-microsoft-annonce-sa-fin-prochaine\/","name":"IE10 \u2013 Microsoft annonce sa fin prochaine - Les2T","isPartOf":{"@id":"https:\/\/les2t.fr\/fr_fr\/#website"},"primaryImageOfPage":{"@id":"https:\/\/les2t.fr\/ie10-microsoft-annonce-sa-fin-prochaine\/#primaryimage"},"image":{"@id":"https:\/\/les2t.fr\/ie10-microsoft-annonce-sa-fin-prochaine\/#primaryimage"},"thumbnailUrl":"https:\/\/les2t.fr\/wp-content\/uploads\/2017\/02\/BANIe.png","datePublished":"2019-01-29T11:23:43+00:00","dateModified":"2019-01-29T11:23:52+00:00","author":{"@id":"https:\/\/les2t.fr\/fr_fr\/#\/schema\/person\/d96bb4f512f9aeb12dc923def245768e"},"breadcrumb":{"@id":"https:\/\/les2t.fr\/ie10-microsoft-annonce-sa-fin-prochaine\/#breadcrumb"},"inLanguage":"fr-FR","potentialAction":[{"@type":"ReadAction","target":["https:\/\/les2t.fr\/ie10-microsoft-annonce-sa-fin-prochaine\/"]}]},{"@type":"ImageObject","inLanguage":"fr-FR","@id":"https:\/\/les2t.fr\/ie10-microsoft-annonce-sa-fin-prochaine\/#primaryimage","url":"https:\/\/les2t.fr\/wp-content\/uploads\/2017\/02\/BANIe.png","contentUrl":"https:\/\/les2t.fr\/wp-content\/uploads\/2017\/02\/BANIe.png"},{"@type":"BreadcrumbList","@id":"https:\/\/les2t.fr\/ie10-microsoft-annonce-sa-fin-prochaine\/#breadcrumb","itemListElement":[{"@type":"ListItem","position":1,"name":"Home","item":"https:\/\/les2t.fr\/fr_fr\/"},{"@type":"ListItem","position":2,"name":"IE10 \u2013 Microsoft annonce sa fin prochaine"}]},{"@type":"WebSite","@id":"https:\/\/les2t.fr\/fr_fr\/#website","url":"https:\/\/les2t.fr\/fr_fr\/","name":"Les2T","description":"| BLOG  IT |","potentialAction":[{"@type":"SearchAction","target":{"@type":"EntryPoint","urlTemplate":"https:\/\/les2t.fr\/fr_fr\/?s={search_term_string}"},"query-input":{"@type":"PropertyValueSpecification","valueRequired":true,"valueName":"search_term_string"}}],"inLanguage":"fr-FR"},{"@type":"Person","@id":"https:\/\/les2t.fr\/fr_fr\/#\/schema\/person\/d96bb4f512f9aeb12dc923def245768e","name":"TRARBACH Jean-Yves","image":{"@type":"ImageObject","inLanguage":"fr-FR","@id":"https:\/\/les2t.fr\/fr_fr\/#\/schema\/person\/image\/","url":"https:\/\/les2t.fr\/wp-content\/uploads\/2023\/02\/JeanYvestrarbach-96x96.jpg","contentUrl":"https:\/\/les2t.fr\/wp-content\/uploads\/2023\/02\/JeanYvestrarbach-96x96.jpg","caption":"TRARBACH Jean-Yves"},"description":"Head Of Modern Workplace Metsys MVP Windows &amp; devices For IT","sameAs":["https:\/\/les2t.fr\/jean-yves-trarbach\/"],"url":"https:\/\/les2t.fr\/fr_fr\/author\/kounac\/"}]}},"jetpack_featured_media_url":"","jetpack_sharing_enabled":true,"_links":{"self":[{"href":"https:\/\/les2t.fr\/fr_fr\/wp-json\/wp\/v2\/posts\/3011","targetHints":{"allow":["GET"]}}],"collection":[{"href":"https:\/\/les2t.fr\/fr_fr\/wp-json\/wp\/v2\/posts"}],"about":[{"href":"https:\/\/les2t.fr\/fr_fr\/wp-json\/wp\/v2\/types\/post"}],"author":[{"embeddable":true,"href":"https:\/\/les2t.fr\/fr_fr\/wp-json\/wp\/v2\/users\/1"}],"replies":[{"embeddable":true,"href":"https:\/\/les2t.fr\/fr_fr\/wp-json\/wp\/v2\/comments?post=3011"}],"version-history":[{"count":0,"href":"https:\/\/les2t.fr\/fr_fr\/wp-json\/wp\/v2\/posts\/3011\/revisions"}],"wp:attachment":[{"href":"https:\/\/les2t.fr\/fr_fr\/wp-json\/wp\/v2\/media?parent=3011"}],"wp:term":[{"taxonomy":"category","embeddable":true,"href":"https:\/\/les2t.fr\/fr_fr\/wp-json\/wp\/v2\/categories?post=3011"},{"taxonomy":"post_tag","embeddable":true,"href":"https:\/\/les2t.fr\/fr_fr\/wp-json\/wp\/v2\/tags?post=3011"}],"curies":[{"name":"wp","href":"https:\/\/api.w.org\/{rel}","templated":true}]}}