{"id":2906,"date":"2018-12-10T13:48:44","date_gmt":"2018-12-10T12:48:44","guid":{"rendered":"http:\/\/lestfrexgn.cluster020.hosting.ovh.net\/?p=2906"},"modified":"2018-12-10T13:48:44","modified_gmt":"2018-12-10T12:48:44","slug":"sccm-reparer-la-relation-de-confiance-entre-un-poste-de-travail-et-le-domaine","status":"publish","type":"post","link":"https:\/\/les2t.fr\/fr_fr\/sccm-reparer-la-relation-de-confiance-entre-un-poste-de-travail-et-le-domaine\/","title":{"rendered":"SCCM \u2013 R\u00e9parer la relation de confiance entre un poste de travail et le domaine"},"content":{"rendered":"<p><a href=\"https:\/\/les2t.fr\/wp-content\/uploads\/2017\/02\/BANSCCM.png\"><img loading=\"lazy\" decoding=\"async\" class=\"alignnone size-full wp-image-2434\" src=\"https:\/\/les2t.fr\/wp-content\/uploads\/2017\/02\/BANSCCM.png\" alt=\"\" width=\"800\" height=\"250\" srcset=\"https:\/\/les2t.fr\/wp-content\/uploads\/2017\/02\/BANSCCM.png 800w, https:\/\/les2t.fr\/wp-content\/uploads\/2017\/02\/BANSCCM-480x150.png 480w\" sizes=\"(min-width: 0px) and (max-width: 480px) 480px, (min-width: 481px) 800px, 100vw\" \/><\/a><\/p>\n<p>&nbsp;<\/p>\n<p style=\"text-align: justify;\">Il vous est peut-\u00eatre d\u00e9j\u00e0 arriv\u00e9 d\u2019avoir des postes de travail qui perdait leur relation de confiance avec le domaine. Il s\u2019agit souvent de la raison pour laquelle certain de me client garde encore des comptes d\u2019administration locaux. Eh bien avec SCCM et une baseline, la r\u00e9paration peut se faire de mani\u00e8re automatique.<\/p>\n<p style=\"text-align: justify;\"><!--more--><\/p>\n<p style=\"text-align: justify;\">Johnny Radeck, bloggeur sur le site SCConfigMgr, nous livre le secret de cette r\u00e9paration.<\/p>\n<p style=\"text-align: justify;\">Il s\u2019agit simplement d\u2019un script de d\u00e9tection et un script de r\u00e9paration a utiliser en Baseline de configuration.<\/p>\n<ul>\n<li>Pour lire cet article\u00a0: <a href=\"http:\/\/www.scconfigmgr.com\/2018\/11\/06\/repair-a-broken-trust-relationship-between-a-workstation-and-the-domain\/\" target=\"_blank\" rel=\"noopener\">ICI<\/a><\/li>\n<\/ul>\n","protected":false},"excerpt":{"rendered":"<p>&nbsp; Il vous est peut-\u00eatre d\u00e9j\u00e0 arriv\u00e9 d\u2019avoir des postes de travail qui perdait leur relation de confiance avec le domaine. Il s\u2019agit souvent de la raison pour laquelle certain de me client garde encore des comptes d\u2019administration locaux. Eh bien avec SCCM et une baseline, la r\u00e9paration peut se faire de mani\u00e8re automatique.<\/p>\n","protected":false},"author":1,"featured_media":0,"comment_status":"closed","ping_status":"closed","sticky":false,"template":"","format":"standard","meta":{"_et_pb_use_builder":"","_et_pb_old_content":"","_et_gb_content_width":"","_jetpack_memberships_contains_paid_content":false,"footnotes":""},"categories":[198,47],"tags":[113,36,160,48,168],"class_list":["post-2906","post","type-post","status-publish","format-standard","hentry","category-sccm","category-windows-10","tag-configmgr","tag-microsoft","tag-truc-et-astuces","tag-windows","tag-windows-10"],"yoast_head":"<!-- This site is optimized with the Yoast SEO plugin v25.3.1 - https:\/\/yoast.com\/wordpress\/plugins\/seo\/ -->\n<title>SCCM \u2013 R\u00e9parer la relation de confiance entre un poste de travail et le domaine - Les2T<\/title>\n<meta name=\"robots\" content=\"index, follow, max-snippet:-1, max-image-preview:large, max-video-preview:-1\" \/>\n<link rel=\"canonical\" href=\"https:\/\/les2t.fr\/fr_fr\/sccm-reparer-la-relation-de-confiance-entre-un-poste-de-travail-et-le-domaine\/\" \/>\n<meta property=\"og:locale\" content=\"fr_FR\" \/>\n<meta property=\"og:type\" content=\"article\" \/>\n<meta property=\"og:title\" content=\"SCCM \u2013 R\u00e9parer la relation de confiance entre un poste de travail et le domaine - Les2T\" \/>\n<meta property=\"og:description\" content=\"&nbsp; Il vous est peut-\u00eatre d\u00e9j\u00e0 arriv\u00e9 d\u2019avoir des postes de travail qui perdait leur relation de confiance avec le domaine. Il s\u2019agit souvent de la raison pour laquelle certain de me client garde encore des comptes d\u2019administration locaux. Eh bien avec SCCM et une baseline, la r\u00e9paration peut se faire de mani\u00e8re automatique.\" \/>\n<meta property=\"og:url\" content=\"https:\/\/les2t.fr\/fr_fr\/sccm-reparer-la-relation-de-confiance-entre-un-poste-de-travail-et-le-domaine\/\" \/>\n<meta property=\"og:site_name\" content=\"Les2T\" \/>\n<meta property=\"article:published_time\" content=\"2018-12-10T12:48:44+00:00\" \/>\n<meta property=\"og:image\" content=\"https:\/\/les2t.fr\/wp-content\/uploads\/2017\/02\/BANSCCM.png\" \/>\n<meta name=\"author\" content=\"TRARBACH Jean-Yves\" \/>\n<meta name=\"twitter:card\" content=\"summary_large_image\" \/>\n<meta name=\"twitter:label1\" content=\"\u00c9crit par\" \/>\n\t<meta name=\"twitter:data1\" content=\"TRARBACH Jean-Yves\" \/>\n\t<meta name=\"twitter:label2\" content=\"Dur\u00e9e de lecture estim\u00e9e\" \/>\n\t<meta name=\"twitter:data2\" content=\"1 minute\" \/>\n<script type=\"application\/ld+json\" class=\"yoast-schema-graph\">{\"@context\":\"https:\/\/schema.org\",\"@graph\":[{\"@type\":\"WebPage\",\"@id\":\"https:\/\/les2t.fr\/sccm-reparer-la-relation-de-confiance-entre-un-poste-de-travail-et-le-domaine\/\",\"url\":\"https:\/\/les2t.fr\/sccm-reparer-la-relation-de-confiance-entre-un-poste-de-travail-et-le-domaine\/\",\"name\":\"SCCM \u2013 R\u00e9parer la relation de confiance entre un poste de travail et le domaine - Les2T\",\"isPartOf\":{\"@id\":\"https:\/\/les2t.fr\/fr_fr\/#website\"},\"primaryImageOfPage\":{\"@id\":\"https:\/\/les2t.fr\/sccm-reparer-la-relation-de-confiance-entre-un-poste-de-travail-et-le-domaine\/#primaryimage\"},\"image\":{\"@id\":\"https:\/\/les2t.fr\/sccm-reparer-la-relation-de-confiance-entre-un-poste-de-travail-et-le-domaine\/#primaryimage\"},\"thumbnailUrl\":\"https:\/\/les2t.fr\/wp-content\/uploads\/2017\/02\/BANSCCM.png\",\"datePublished\":\"2018-12-10T12:48:44+00:00\",\"author\":{\"@id\":\"https:\/\/les2t.fr\/fr_fr\/#\/schema\/person\/d96bb4f512f9aeb12dc923def245768e\"},\"breadcrumb\":{\"@id\":\"https:\/\/les2t.fr\/sccm-reparer-la-relation-de-confiance-entre-un-poste-de-travail-et-le-domaine\/#breadcrumb\"},\"inLanguage\":\"fr-FR\",\"potentialAction\":[{\"@type\":\"ReadAction\",\"target\":[\"https:\/\/les2t.fr\/sccm-reparer-la-relation-de-confiance-entre-un-poste-de-travail-et-le-domaine\/\"]}]},{\"@type\":\"ImageObject\",\"inLanguage\":\"fr-FR\",\"@id\":\"https:\/\/les2t.fr\/sccm-reparer-la-relation-de-confiance-entre-un-poste-de-travail-et-le-domaine\/#primaryimage\",\"url\":\"https:\/\/les2t.fr\/wp-content\/uploads\/2017\/02\/BANSCCM.png\",\"contentUrl\":\"https:\/\/les2t.fr\/wp-content\/uploads\/2017\/02\/BANSCCM.png\"},{\"@type\":\"BreadcrumbList\",\"@id\":\"https:\/\/les2t.fr\/sccm-reparer-la-relation-de-confiance-entre-un-poste-de-travail-et-le-domaine\/#breadcrumb\",\"itemListElement\":[{\"@type\":\"ListItem\",\"position\":1,\"name\":\"Home\",\"item\":\"https:\/\/les2t.fr\/fr_fr\/\"},{\"@type\":\"ListItem\",\"position\":2,\"name\":\"SCCM \u2013 R\u00e9parer la relation de confiance entre un poste de travail et le domaine\"}]},{\"@type\":\"WebSite\",\"@id\":\"https:\/\/les2t.fr\/fr_fr\/#website\",\"url\":\"https:\/\/les2t.fr\/fr_fr\/\",\"name\":\"Les2T\",\"description\":\"| BLOG  IT |\",\"potentialAction\":[{\"@type\":\"SearchAction\",\"target\":{\"@type\":\"EntryPoint\",\"urlTemplate\":\"https:\/\/les2t.fr\/fr_fr\/?s={search_term_string}\"},\"query-input\":{\"@type\":\"PropertyValueSpecification\",\"valueRequired\":true,\"valueName\":\"search_term_string\"}}],\"inLanguage\":\"fr-FR\"},{\"@type\":\"Person\",\"@id\":\"https:\/\/les2t.fr\/fr_fr\/#\/schema\/person\/d96bb4f512f9aeb12dc923def245768e\",\"name\":\"TRARBACH Jean-Yves\",\"image\":{\"@type\":\"ImageObject\",\"inLanguage\":\"fr-FR\",\"@id\":\"https:\/\/les2t.fr\/fr_fr\/#\/schema\/person\/image\/\",\"url\":\"https:\/\/les2t.fr\/wp-content\/uploads\/2023\/02\/JeanYvestrarbach-96x96.jpg\",\"contentUrl\":\"https:\/\/les2t.fr\/wp-content\/uploads\/2023\/02\/JeanYvestrarbach-96x96.jpg\",\"caption\":\"TRARBACH Jean-Yves\"},\"description\":\"Head Of Modern Workplace Metsys MVP Windows &amp; devices For IT\",\"sameAs\":[\"https:\/\/les2t.fr\/jean-yves-trarbach\/\"],\"url\":\"https:\/\/les2t.fr\/fr_fr\/author\/kounac\/\"}]}<\/script>\n<!-- \/ Yoast SEO plugin. -->","yoast_head_json":{"title":"SCCM \u2013 R\u00e9parer la relation de confiance entre un poste de travail et le domaine - Les2T","robots":{"index":"index","follow":"follow","max-snippet":"max-snippet:-1","max-image-preview":"max-image-preview:large","max-video-preview":"max-video-preview:-1"},"canonical":"https:\/\/les2t.fr\/fr_fr\/sccm-reparer-la-relation-de-confiance-entre-un-poste-de-travail-et-le-domaine\/","og_locale":"fr_FR","og_type":"article","og_title":"SCCM \u2013 R\u00e9parer la relation de confiance entre un poste de travail et le domaine - Les2T","og_description":"&nbsp; Il vous est peut-\u00eatre d\u00e9j\u00e0 arriv\u00e9 d\u2019avoir des postes de travail qui perdait leur relation de confiance avec le domaine. Il s\u2019agit souvent de la raison pour laquelle certain de me client garde encore des comptes d\u2019administration locaux. Eh bien avec SCCM et une baseline, la r\u00e9paration peut se faire de mani\u00e8re automatique.","og_url":"https:\/\/les2t.fr\/fr_fr\/sccm-reparer-la-relation-de-confiance-entre-un-poste-de-travail-et-le-domaine\/","og_site_name":"Les2T","article_published_time":"2018-12-10T12:48:44+00:00","og_image":[{"url":"https:\/\/les2t.fr\/wp-content\/uploads\/2017\/02\/BANSCCM.png","type":"","width":"","height":""}],"author":"TRARBACH Jean-Yves","twitter_card":"summary_large_image","twitter_misc":{"\u00c9crit par":"TRARBACH Jean-Yves","Dur\u00e9e de lecture estim\u00e9e":"1 minute"},"schema":{"@context":"https:\/\/schema.org","@graph":[{"@type":"WebPage","@id":"https:\/\/les2t.fr\/sccm-reparer-la-relation-de-confiance-entre-un-poste-de-travail-et-le-domaine\/","url":"https:\/\/les2t.fr\/sccm-reparer-la-relation-de-confiance-entre-un-poste-de-travail-et-le-domaine\/","name":"SCCM \u2013 R\u00e9parer la relation de confiance entre un poste de travail et le domaine - Les2T","isPartOf":{"@id":"https:\/\/les2t.fr\/fr_fr\/#website"},"primaryImageOfPage":{"@id":"https:\/\/les2t.fr\/sccm-reparer-la-relation-de-confiance-entre-un-poste-de-travail-et-le-domaine\/#primaryimage"},"image":{"@id":"https:\/\/les2t.fr\/sccm-reparer-la-relation-de-confiance-entre-un-poste-de-travail-et-le-domaine\/#primaryimage"},"thumbnailUrl":"https:\/\/les2t.fr\/wp-content\/uploads\/2017\/02\/BANSCCM.png","datePublished":"2018-12-10T12:48:44+00:00","author":{"@id":"https:\/\/les2t.fr\/fr_fr\/#\/schema\/person\/d96bb4f512f9aeb12dc923def245768e"},"breadcrumb":{"@id":"https:\/\/les2t.fr\/sccm-reparer-la-relation-de-confiance-entre-un-poste-de-travail-et-le-domaine\/#breadcrumb"},"inLanguage":"fr-FR","potentialAction":[{"@type":"ReadAction","target":["https:\/\/les2t.fr\/sccm-reparer-la-relation-de-confiance-entre-un-poste-de-travail-et-le-domaine\/"]}]},{"@type":"ImageObject","inLanguage":"fr-FR","@id":"https:\/\/les2t.fr\/sccm-reparer-la-relation-de-confiance-entre-un-poste-de-travail-et-le-domaine\/#primaryimage","url":"https:\/\/les2t.fr\/wp-content\/uploads\/2017\/02\/BANSCCM.png","contentUrl":"https:\/\/les2t.fr\/wp-content\/uploads\/2017\/02\/BANSCCM.png"},{"@type":"BreadcrumbList","@id":"https:\/\/les2t.fr\/sccm-reparer-la-relation-de-confiance-entre-un-poste-de-travail-et-le-domaine\/#breadcrumb","itemListElement":[{"@type":"ListItem","position":1,"name":"Home","item":"https:\/\/les2t.fr\/fr_fr\/"},{"@type":"ListItem","position":2,"name":"SCCM \u2013 R\u00e9parer la relation de confiance entre un poste de travail et le domaine"}]},{"@type":"WebSite","@id":"https:\/\/les2t.fr\/fr_fr\/#website","url":"https:\/\/les2t.fr\/fr_fr\/","name":"Les2T","description":"| BLOG  IT |","potentialAction":[{"@type":"SearchAction","target":{"@type":"EntryPoint","urlTemplate":"https:\/\/les2t.fr\/fr_fr\/?s={search_term_string}"},"query-input":{"@type":"PropertyValueSpecification","valueRequired":true,"valueName":"search_term_string"}}],"inLanguage":"fr-FR"},{"@type":"Person","@id":"https:\/\/les2t.fr\/fr_fr\/#\/schema\/person\/d96bb4f512f9aeb12dc923def245768e","name":"TRARBACH Jean-Yves","image":{"@type":"ImageObject","inLanguage":"fr-FR","@id":"https:\/\/les2t.fr\/fr_fr\/#\/schema\/person\/image\/","url":"https:\/\/les2t.fr\/wp-content\/uploads\/2023\/02\/JeanYvestrarbach-96x96.jpg","contentUrl":"https:\/\/les2t.fr\/wp-content\/uploads\/2023\/02\/JeanYvestrarbach-96x96.jpg","caption":"TRARBACH Jean-Yves"},"description":"Head Of Modern Workplace Metsys MVP Windows &amp; devices For IT","sameAs":["https:\/\/les2t.fr\/jean-yves-trarbach\/"],"url":"https:\/\/les2t.fr\/fr_fr\/author\/kounac\/"}]}},"jetpack_featured_media_url":"","jetpack_sharing_enabled":true,"_links":{"self":[{"href":"https:\/\/les2t.fr\/fr_fr\/wp-json\/wp\/v2\/posts\/2906","targetHints":{"allow":["GET"]}}],"collection":[{"href":"https:\/\/les2t.fr\/fr_fr\/wp-json\/wp\/v2\/posts"}],"about":[{"href":"https:\/\/les2t.fr\/fr_fr\/wp-json\/wp\/v2\/types\/post"}],"author":[{"embeddable":true,"href":"https:\/\/les2t.fr\/fr_fr\/wp-json\/wp\/v2\/users\/1"}],"replies":[{"embeddable":true,"href":"https:\/\/les2t.fr\/fr_fr\/wp-json\/wp\/v2\/comments?post=2906"}],"version-history":[{"count":0,"href":"https:\/\/les2t.fr\/fr_fr\/wp-json\/wp\/v2\/posts\/2906\/revisions"}],"wp:attachment":[{"href":"https:\/\/les2t.fr\/fr_fr\/wp-json\/wp\/v2\/media?parent=2906"}],"wp:term":[{"taxonomy":"category","embeddable":true,"href":"https:\/\/les2t.fr\/fr_fr\/wp-json\/wp\/v2\/categories?post=2906"},{"taxonomy":"post_tag","embeddable":true,"href":"https:\/\/les2t.fr\/fr_fr\/wp-json\/wp\/v2\/tags?post=2906"}],"curies":[{"name":"wp","href":"https:\/\/api.w.org\/{rel}","templated":true}]}}