{"id":2901,"date":"2018-12-07T14:44:29","date_gmt":"2018-12-07T13:44:29","guid":{"rendered":"http:\/\/lestfrexgn.cluster020.hosting.ovh.net\/?p=2901"},"modified":"2018-12-07T14:44:29","modified_gmt":"2018-12-07T13:44:29","slug":"microsoft-edge-le-projet-chromium-comme-moteur","status":"publish","type":"post","link":"https:\/\/les2t.fr\/fr_fr\/microsoft-edge-le-projet-chromium-comme-moteur\/","title":{"rendered":"Microsoft Edge \u2013 Le projet Chromium comme moteur"},"content":{"rendered":"<p><a href=\"https:\/\/les2t.fr\/wp-content\/uploads\/2017\/02\/BANW10.png\"><img loading=\"lazy\" decoding=\"async\" class=\"alignnone size-full wp-image-2439\" src=\"https:\/\/les2t.fr\/wp-content\/uploads\/2017\/02\/BANW10.png\" alt=\"\" width=\"800\" height=\"250\" srcset=\"https:\/\/les2t.fr\/wp-content\/uploads\/2017\/02\/BANW10.png 800w, https:\/\/les2t.fr\/wp-content\/uploads\/2017\/02\/BANW10-480x150.png 480w\" sizes=\"(min-width: 0px) and (max-width: 480px) 480px, (min-width: 481px) 800px, 100vw\" \/><\/a><\/p>\n<p style=\"text-align: justify;\">Des rumeurs couraient d\u00e9j\u00e0 depuis plusieurs jours, Microsoft abandonnerait Edge au profit de Chromium. L\u2019\u00e9diteur vient de donner sa version, Edge int\u00e9grera bien le moteur Chromium en lieu et place de l\u2019ancien jug\u00e9 instable, mais devrait garder son nom.<\/p>\n<p><!--more--><\/p>\n<p style=\"text-align: justify;\">L\u2019utilisation de l\u2019open source dans Edge n\u2019est pas nouveau, en effet de nombreuse briques et fonctionnalit\u00e9s en sont issus. Mais cette fois c\u2019est le c\u0153ur m\u00eame du navigateur qui s\u2019appuiera dessus. Pour ce faire Microsoft va investir dans la communaut\u00e9 du projet et ainsi l\u2019aider \u00e0 \u00e9voluer. L\u2019objectif est bien entendu la stabilit\u00e9, la vitesse, la compatibilit\u00e9, mais aussi la possibilit\u00e9 de faciliter de portage sous des p\u00e9riph\u00e9rique ARM.<\/p>\n<p style=\"text-align: justify;\">Ce changement ne retirera pas les fonctionnalit\u00e9s comme le mode Entreprise, gr\u00e2ce aux sites h\u00e9rit\u00e9 de IE.<\/p>\n<p style=\"text-align: justify;\">Microsoft pr\u00e9voit d\u2019aligner les mises \u00e0 jour de Edge avec les versions de Chromium pour suivre les am\u00e9liorations du moteur et des autres navigateurs bas\u00e9s sur celui-ci. De m\u00eame, une version de Edge pour MacOS est d\u00e9j\u00e0 en pr\u00e9vision.<\/p>\n<p style=\"text-align: justify;\">Les premi\u00e8res versions de pr\u00e9version seront normalement disponibles en d\u00e9but d\u2019ann\u00e9e 2019 pour permettre les tests.<\/p>\n<ul>\n<li>Pour lire l\u2019annonce officielle\u00a0: \u00a0<a href=\"https:\/\/blogs.windows.com\/windowsexperience\/2018\/12\/06\/microsoft-edge-making-the-web-better-through-more-open-source-collaboration\/\" target=\"_blank\" rel=\"noopener\">ICI<\/a><\/li>\n<\/ul>\n<p>&nbsp;<\/p>\n","protected":false},"excerpt":{"rendered":"<p>Des rumeurs couraient d\u00e9j\u00e0 depuis plusieurs jours, Microsoft abandonnerait Edge au profit de Chromium. L\u2019\u00e9diteur vient de donner sa version, Edge int\u00e9grera bien le moteur Chromium en lieu et place de l\u2019ancien jug\u00e9 instable, mais devrait garder son nom.<\/p>\n","protected":false},"author":1,"featured_media":0,"comment_status":"closed","ping_status":"closed","sticky":false,"template":"","format":"standard","meta":{"_et_pb_use_builder":"","_et_pb_old_content":"","_et_gb_content_width":"","_jetpack_memberships_contains_paid_content":false,"footnotes":""},"categories":[47],"tags":[163,44,36,168],"class_list":["post-2901","post","type-post","status-publish","format-standard","hentry","category-windows-10","tag-edge","tag-ie","tag-microsoft","tag-windows-10"],"yoast_head":"<!-- This site is optimized with the Yoast SEO plugin v25.3.1 - https:\/\/yoast.com\/wordpress\/plugins\/seo\/ -->\n<title>Microsoft Edge \u2013 Le projet Chromium comme moteur - Les2T<\/title>\n<meta name=\"robots\" content=\"index, follow, max-snippet:-1, max-image-preview:large, max-video-preview:-1\" \/>\n<link rel=\"canonical\" href=\"https:\/\/les2t.fr\/fr_fr\/microsoft-edge-le-projet-chromium-comme-moteur\/\" \/>\n<meta property=\"og:locale\" content=\"fr_FR\" \/>\n<meta property=\"og:type\" content=\"article\" \/>\n<meta property=\"og:title\" content=\"Microsoft Edge \u2013 Le projet Chromium comme moteur - Les2T\" \/>\n<meta property=\"og:description\" content=\"Des rumeurs couraient d\u00e9j\u00e0 depuis plusieurs jours, Microsoft abandonnerait Edge au profit de Chromium. L\u2019\u00e9diteur vient de donner sa version, Edge int\u00e9grera bien le moteur Chromium en lieu et place de l\u2019ancien jug\u00e9 instable, mais devrait garder son nom.\" \/>\n<meta property=\"og:url\" content=\"https:\/\/les2t.fr\/fr_fr\/microsoft-edge-le-projet-chromium-comme-moteur\/\" \/>\n<meta property=\"og:site_name\" content=\"Les2T\" \/>\n<meta property=\"article:published_time\" content=\"2018-12-07T13:44:29+00:00\" \/>\n<meta property=\"og:image\" content=\"https:\/\/les2t.fr\/wp-content\/uploads\/2017\/02\/BANW10.png\" \/>\n<meta name=\"author\" content=\"TRARBACH Jean-Yves\" \/>\n<meta name=\"twitter:card\" content=\"summary_large_image\" \/>\n<meta name=\"twitter:label1\" content=\"\u00c9crit par\" \/>\n\t<meta name=\"twitter:data1\" content=\"TRARBACH Jean-Yves\" \/>\n\t<meta name=\"twitter:label2\" content=\"Dur\u00e9e de lecture estim\u00e9e\" \/>\n\t<meta name=\"twitter:data2\" content=\"1 minute\" \/>\n<script type=\"application\/ld+json\" class=\"yoast-schema-graph\">{\"@context\":\"https:\/\/schema.org\",\"@graph\":[{\"@type\":\"WebPage\",\"@id\":\"https:\/\/les2t.fr\/microsoft-edge-le-projet-chromium-comme-moteur\/\",\"url\":\"https:\/\/les2t.fr\/microsoft-edge-le-projet-chromium-comme-moteur\/\",\"name\":\"Microsoft Edge \u2013 Le projet Chromium comme moteur - Les2T\",\"isPartOf\":{\"@id\":\"https:\/\/les2t.fr\/fr_fr\/#website\"},\"primaryImageOfPage\":{\"@id\":\"https:\/\/les2t.fr\/microsoft-edge-le-projet-chromium-comme-moteur\/#primaryimage\"},\"image\":{\"@id\":\"https:\/\/les2t.fr\/microsoft-edge-le-projet-chromium-comme-moteur\/#primaryimage\"},\"thumbnailUrl\":\"https:\/\/les2t.fr\/wp-content\/uploads\/2017\/02\/BANW10.png\",\"datePublished\":\"2018-12-07T13:44:29+00:00\",\"author\":{\"@id\":\"https:\/\/les2t.fr\/fr_fr\/#\/schema\/person\/d96bb4f512f9aeb12dc923def245768e\"},\"breadcrumb\":{\"@id\":\"https:\/\/les2t.fr\/microsoft-edge-le-projet-chromium-comme-moteur\/#breadcrumb\"},\"inLanguage\":\"fr-FR\",\"potentialAction\":[{\"@type\":\"ReadAction\",\"target\":[\"https:\/\/les2t.fr\/microsoft-edge-le-projet-chromium-comme-moteur\/\"]}]},{\"@type\":\"ImageObject\",\"inLanguage\":\"fr-FR\",\"@id\":\"https:\/\/les2t.fr\/microsoft-edge-le-projet-chromium-comme-moteur\/#primaryimage\",\"url\":\"https:\/\/les2t.fr\/wp-content\/uploads\/2017\/02\/BANW10.png\",\"contentUrl\":\"https:\/\/les2t.fr\/wp-content\/uploads\/2017\/02\/BANW10.png\"},{\"@type\":\"BreadcrumbList\",\"@id\":\"https:\/\/les2t.fr\/microsoft-edge-le-projet-chromium-comme-moteur\/#breadcrumb\",\"itemListElement\":[{\"@type\":\"ListItem\",\"position\":1,\"name\":\"Home\",\"item\":\"https:\/\/les2t.fr\/fr_fr\/\"},{\"@type\":\"ListItem\",\"position\":2,\"name\":\"Microsoft Edge \u2013 Le projet Chromium comme moteur\"}]},{\"@type\":\"WebSite\",\"@id\":\"https:\/\/les2t.fr\/fr_fr\/#website\",\"url\":\"https:\/\/les2t.fr\/fr_fr\/\",\"name\":\"Les2T\",\"description\":\"| BLOG  IT |\",\"potentialAction\":[{\"@type\":\"SearchAction\",\"target\":{\"@type\":\"EntryPoint\",\"urlTemplate\":\"https:\/\/les2t.fr\/fr_fr\/?s={search_term_string}\"},\"query-input\":{\"@type\":\"PropertyValueSpecification\",\"valueRequired\":true,\"valueName\":\"search_term_string\"}}],\"inLanguage\":\"fr-FR\"},{\"@type\":\"Person\",\"@id\":\"https:\/\/les2t.fr\/fr_fr\/#\/schema\/person\/d96bb4f512f9aeb12dc923def245768e\",\"name\":\"TRARBACH Jean-Yves\",\"image\":{\"@type\":\"ImageObject\",\"inLanguage\":\"fr-FR\",\"@id\":\"https:\/\/les2t.fr\/fr_fr\/#\/schema\/person\/image\/\",\"url\":\"https:\/\/les2t.fr\/wp-content\/uploads\/2023\/02\/JeanYvestrarbach-96x96.jpg\",\"contentUrl\":\"https:\/\/les2t.fr\/wp-content\/uploads\/2023\/02\/JeanYvestrarbach-96x96.jpg\",\"caption\":\"TRARBACH Jean-Yves\"},\"description\":\"Head Of Modern Workplace Metsys MVP Windows &amp; devices For IT\",\"sameAs\":[\"https:\/\/les2t.fr\/jean-yves-trarbach\/\"],\"url\":\"https:\/\/les2t.fr\/fr_fr\/author\/kounac\/\"}]}<\/script>\n<!-- \/ Yoast SEO plugin. -->","yoast_head_json":{"title":"Microsoft Edge \u2013 Le projet Chromium comme moteur - Les2T","robots":{"index":"index","follow":"follow","max-snippet":"max-snippet:-1","max-image-preview":"max-image-preview:large","max-video-preview":"max-video-preview:-1"},"canonical":"https:\/\/les2t.fr\/fr_fr\/microsoft-edge-le-projet-chromium-comme-moteur\/","og_locale":"fr_FR","og_type":"article","og_title":"Microsoft Edge \u2013 Le projet Chromium comme moteur - Les2T","og_description":"Des rumeurs couraient d\u00e9j\u00e0 depuis plusieurs jours, Microsoft abandonnerait Edge au profit de Chromium. L\u2019\u00e9diteur vient de donner sa version, Edge int\u00e9grera bien le moteur Chromium en lieu et place de l\u2019ancien jug\u00e9 instable, mais devrait garder son nom.","og_url":"https:\/\/les2t.fr\/fr_fr\/microsoft-edge-le-projet-chromium-comme-moteur\/","og_site_name":"Les2T","article_published_time":"2018-12-07T13:44:29+00:00","og_image":[{"url":"https:\/\/les2t.fr\/wp-content\/uploads\/2017\/02\/BANW10.png","type":"","width":"","height":""}],"author":"TRARBACH Jean-Yves","twitter_card":"summary_large_image","twitter_misc":{"\u00c9crit par":"TRARBACH Jean-Yves","Dur\u00e9e de lecture estim\u00e9e":"1 minute"},"schema":{"@context":"https:\/\/schema.org","@graph":[{"@type":"WebPage","@id":"https:\/\/les2t.fr\/microsoft-edge-le-projet-chromium-comme-moteur\/","url":"https:\/\/les2t.fr\/microsoft-edge-le-projet-chromium-comme-moteur\/","name":"Microsoft Edge \u2013 Le projet Chromium comme moteur - Les2T","isPartOf":{"@id":"https:\/\/les2t.fr\/fr_fr\/#website"},"primaryImageOfPage":{"@id":"https:\/\/les2t.fr\/microsoft-edge-le-projet-chromium-comme-moteur\/#primaryimage"},"image":{"@id":"https:\/\/les2t.fr\/microsoft-edge-le-projet-chromium-comme-moteur\/#primaryimage"},"thumbnailUrl":"https:\/\/les2t.fr\/wp-content\/uploads\/2017\/02\/BANW10.png","datePublished":"2018-12-07T13:44:29+00:00","author":{"@id":"https:\/\/les2t.fr\/fr_fr\/#\/schema\/person\/d96bb4f512f9aeb12dc923def245768e"},"breadcrumb":{"@id":"https:\/\/les2t.fr\/microsoft-edge-le-projet-chromium-comme-moteur\/#breadcrumb"},"inLanguage":"fr-FR","potentialAction":[{"@type":"ReadAction","target":["https:\/\/les2t.fr\/microsoft-edge-le-projet-chromium-comme-moteur\/"]}]},{"@type":"ImageObject","inLanguage":"fr-FR","@id":"https:\/\/les2t.fr\/microsoft-edge-le-projet-chromium-comme-moteur\/#primaryimage","url":"https:\/\/les2t.fr\/wp-content\/uploads\/2017\/02\/BANW10.png","contentUrl":"https:\/\/les2t.fr\/wp-content\/uploads\/2017\/02\/BANW10.png"},{"@type":"BreadcrumbList","@id":"https:\/\/les2t.fr\/microsoft-edge-le-projet-chromium-comme-moteur\/#breadcrumb","itemListElement":[{"@type":"ListItem","position":1,"name":"Home","item":"https:\/\/les2t.fr\/fr_fr\/"},{"@type":"ListItem","position":2,"name":"Microsoft Edge \u2013 Le projet Chromium comme moteur"}]},{"@type":"WebSite","@id":"https:\/\/les2t.fr\/fr_fr\/#website","url":"https:\/\/les2t.fr\/fr_fr\/","name":"Les2T","description":"| BLOG  IT |","potentialAction":[{"@type":"SearchAction","target":{"@type":"EntryPoint","urlTemplate":"https:\/\/les2t.fr\/fr_fr\/?s={search_term_string}"},"query-input":{"@type":"PropertyValueSpecification","valueRequired":true,"valueName":"search_term_string"}}],"inLanguage":"fr-FR"},{"@type":"Person","@id":"https:\/\/les2t.fr\/fr_fr\/#\/schema\/person\/d96bb4f512f9aeb12dc923def245768e","name":"TRARBACH Jean-Yves","image":{"@type":"ImageObject","inLanguage":"fr-FR","@id":"https:\/\/les2t.fr\/fr_fr\/#\/schema\/person\/image\/","url":"https:\/\/les2t.fr\/wp-content\/uploads\/2023\/02\/JeanYvestrarbach-96x96.jpg","contentUrl":"https:\/\/les2t.fr\/wp-content\/uploads\/2023\/02\/JeanYvestrarbach-96x96.jpg","caption":"TRARBACH Jean-Yves"},"description":"Head Of Modern Workplace Metsys MVP Windows &amp; devices For IT","sameAs":["https:\/\/les2t.fr\/jean-yves-trarbach\/"],"url":"https:\/\/les2t.fr\/fr_fr\/author\/kounac\/"}]}},"jetpack_featured_media_url":"","jetpack_sharing_enabled":true,"_links":{"self":[{"href":"https:\/\/les2t.fr\/fr_fr\/wp-json\/wp\/v2\/posts\/2901","targetHints":{"allow":["GET"]}}],"collection":[{"href":"https:\/\/les2t.fr\/fr_fr\/wp-json\/wp\/v2\/posts"}],"about":[{"href":"https:\/\/les2t.fr\/fr_fr\/wp-json\/wp\/v2\/types\/post"}],"author":[{"embeddable":true,"href":"https:\/\/les2t.fr\/fr_fr\/wp-json\/wp\/v2\/users\/1"}],"replies":[{"embeddable":true,"href":"https:\/\/les2t.fr\/fr_fr\/wp-json\/wp\/v2\/comments?post=2901"}],"version-history":[{"count":0,"href":"https:\/\/les2t.fr\/fr_fr\/wp-json\/wp\/v2\/posts\/2901\/revisions"}],"wp:attachment":[{"href":"https:\/\/les2t.fr\/fr_fr\/wp-json\/wp\/v2\/media?parent=2901"}],"wp:term":[{"taxonomy":"category","embeddable":true,"href":"https:\/\/les2t.fr\/fr_fr\/wp-json\/wp\/v2\/categories?post=2901"},{"taxonomy":"post_tag","embeddable":true,"href":"https:\/\/les2t.fr\/fr_fr\/wp-json\/wp\/v2\/tags?post=2901"}],"curies":[{"name":"wp","href":"https:\/\/api.w.org\/{rel}","templated":true}]}}