{"id":1915,"date":"2016-04-27T09:04:00","date_gmt":"2016-04-27T07:04:00","guid":{"rendered":"http:\/\/lestfrexgn.cluster020.hosting.ovh.net\/?p=1915"},"modified":"2016-04-24T10:39:31","modified_gmt":"2016-04-24T08:39:31","slug":"wsus-office-365-mise-a-jour-des-clients","status":"publish","type":"post","link":"https:\/\/les2t.fr\/fr_fr\/wsus-office-365-mise-a-jour-des-clients\/","title":{"rendered":"WSUS \u2013 Office 365 Mise \u00e0 jour des clients"},"content":{"rendered":"<p><a href=\"https:\/\/les2t.fr\/wp-content\/uploads\/2014\/11\/o365.jpg\" rel=\"attachment wp-att-476\"><img loading=\"lazy\" decoding=\"async\" class=\"size-full wp-image-476 aligncenter\" src=\"https:\/\/les2t.fr\/wp-content\/uploads\/2014\/11\/o365.jpg\" alt=\"o365\" width=\"220\" height=\"220\" srcset=\"https:\/\/les2t.fr\/wp-content\/uploads\/2014\/11\/o365.jpg 220w, https:\/\/les2t.fr\/wp-content\/uploads\/2014\/11\/o365-150x150.jpg 150w, https:\/\/les2t.fr\/wp-content\/uploads\/2014\/11\/o365-50x50.jpg 50w\" sizes=\"(max-width: 220px) 100vw, 220px\" \/><\/a><br \/>\nIl y a un mois, Microsoft avait annonc\u00e9 la prise en charge de la mise \u00e0 jour des clients Office 365 dans ConfigMgr, mais tout le monde\u00a0 ne dispose pas de ce produit. C\u2019est pourquoi la Team WSUS a mis en place une solution via WSUS.<\/p>\n<p><!--more--><br \/>\nEn effet, une nouvelle entr\u00e9e est apparue dans Produits et Classifications : Office 365 Client.<br \/>\n<a href=\"https:\/\/les2t.fr\/wp-content\/uploads\/2016\/04\/O365_WSUS1.png\" rel=\"attachment wp-att-1916\"><img loading=\"lazy\" decoding=\"async\" class=\"size-full wp-image-1916 aligncenter\" src=\"https:\/\/les2t.fr\/wp-content\/uploads\/2016\/04\/O365_WSUS1.png\" alt=\"O365_WSUS1\" width=\"299\" height=\"207\" \/><\/a><br \/>\nEt le contenu peut-\u00eatre synchronis\u00e9 :<\/p>\n<p><a href=\"https:\/\/les2t.fr\/wp-content\/uploads\/2016\/04\/O365_WSUS2.png\" rel=\"attachment wp-att-1917\"><img loading=\"lazy\" decoding=\"async\" class=\"size-medium wp-image-1917 aligncenter\" src=\"https:\/\/les2t.fr\/wp-content\/uploads\/2016\/04\/O365_WSUS2-300x86.png\" alt=\"O365_WSUS2\" width=\"300\" height=\"86\" srcset=\"https:\/\/les2t.fr\/wp-content\/uploads\/2016\/04\/O365_WSUS2-300x86.png 300w, https:\/\/les2t.fr\/wp-content\/uploads\/2016\/04\/O365_WSUS2-540x157.png 540w, https:\/\/les2t.fr\/wp-content\/uploads\/2016\/04\/O365_WSUS2.png 550w\" sizes=\"(max-width: 300px) 100vw, 300px\" \/><\/a><br \/>\n<strong>Attention<\/strong>, si vous utilisez SCCM, il ne faut pas employer cette m\u00e9thode. Dans ce cas :<br \/>\nD\u00e9cochez le produit Office 365 Client.<br \/>\nOu si vous utilisez Small Business Server (qui ne permet pas de filtrer les produits) refusez toutes les mises \u00e0 jour pour le produit Office 365 Client.<\/p>\n<ul>\n<li>Article d\u2019annonce : <a href=\"http:\/\/blogs.technet.com\/b\/wsus\/archive\/2016\/04\/14\/office-365-client-updates-via-wsus.aspx\" target=\"_blank\">ICI<\/a><\/li>\n<\/ul>\n","protected":false},"excerpt":{"rendered":"<p>Il y a un mois, Microsoft avait annonc\u00e9 la prise en charge de la mise \u00e0 jour des clients Office 365 dans ConfigMgr, mais tout le monde\u00a0 ne dispose pas de ce produit. C\u2019est pourquoi la Team WSUS a mis en place une solution via WSUS.<\/p>\n","protected":false},"author":1,"featured_media":0,"comment_status":"closed","ping_status":"closed","sticky":false,"template":"","format":"standard","meta":{"_et_pb_use_builder":"","_et_pb_old_content":"","_et_gb_content_width":"","_jetpack_memberships_contains_paid_content":false,"footnotes":""},"categories":[57,228],"tags":[36,170,26,229],"class_list":["post-1915","post","type-post","status-publish","format-standard","hentry","category-office365","category-wsus","tag-microsoft","tag-office365","tag-update-2","tag-wsus"],"yoast_head":"<!-- This site is optimized with the Yoast SEO plugin v25.3.1 - https:\/\/yoast.com\/wordpress\/plugins\/seo\/ -->\n<title>WSUS \u2013 Office 365 Mise \u00e0 jour des clients - Les2T<\/title>\n<meta name=\"robots\" content=\"index, follow, max-snippet:-1, max-image-preview:large, max-video-preview:-1\" \/>\n<link rel=\"canonical\" href=\"https:\/\/les2t.fr\/fr_fr\/wsus-office-365-mise-a-jour-des-clients\/\" \/>\n<meta property=\"og:locale\" content=\"fr_FR\" \/>\n<meta property=\"og:type\" content=\"article\" \/>\n<meta property=\"og:title\" content=\"WSUS \u2013 Office 365 Mise \u00e0 jour des clients - Les2T\" \/>\n<meta property=\"og:description\" content=\"Il y a un mois, Microsoft avait annonc\u00e9 la prise en charge de la mise \u00e0 jour des clients Office 365 dans ConfigMgr, mais tout le monde\u00a0 ne dispose pas de ce produit. C\u2019est pourquoi la Team WSUS a mis en place une solution via WSUS.\" \/>\n<meta property=\"og:url\" content=\"https:\/\/les2t.fr\/fr_fr\/wsus-office-365-mise-a-jour-des-clients\/\" \/>\n<meta property=\"og:site_name\" content=\"Les2T\" \/>\n<meta property=\"article:published_time\" content=\"2016-04-27T07:04:00+00:00\" \/>\n<meta property=\"og:image\" content=\"https:\/\/les2t.fr\/wp-content\/uploads\/2014\/11\/o365.jpg\" \/>\n<meta name=\"author\" content=\"TRARBACH Jean-Yves\" \/>\n<meta name=\"twitter:card\" content=\"summary_large_image\" \/>\n<meta name=\"twitter:label1\" content=\"\u00c9crit par\" \/>\n\t<meta name=\"twitter:data1\" content=\"TRARBACH Jean-Yves\" \/>\n\t<meta name=\"twitter:label2\" content=\"Dur\u00e9e de lecture estim\u00e9e\" \/>\n\t<meta name=\"twitter:data2\" content=\"1 minute\" \/>\n<script type=\"application\/ld+json\" class=\"yoast-schema-graph\">{\"@context\":\"https:\/\/schema.org\",\"@graph\":[{\"@type\":\"WebPage\",\"@id\":\"https:\/\/les2t.fr\/wsus-office-365-mise-a-jour-des-clients\/\",\"url\":\"https:\/\/les2t.fr\/wsus-office-365-mise-a-jour-des-clients\/\",\"name\":\"WSUS \u2013 Office 365 Mise \u00e0 jour des clients - Les2T\",\"isPartOf\":{\"@id\":\"https:\/\/les2t.fr\/fr_fr\/#website\"},\"primaryImageOfPage\":{\"@id\":\"https:\/\/les2t.fr\/wsus-office-365-mise-a-jour-des-clients\/#primaryimage\"},\"image\":{\"@id\":\"https:\/\/les2t.fr\/wsus-office-365-mise-a-jour-des-clients\/#primaryimage\"},\"thumbnailUrl\":\"https:\/\/les2t.fr\/wp-content\/uploads\/2014\/11\/o365.jpg\",\"datePublished\":\"2016-04-27T07:04:00+00:00\",\"author\":{\"@id\":\"https:\/\/les2t.fr\/fr_fr\/#\/schema\/person\/d96bb4f512f9aeb12dc923def245768e\"},\"breadcrumb\":{\"@id\":\"https:\/\/les2t.fr\/wsus-office-365-mise-a-jour-des-clients\/#breadcrumb\"},\"inLanguage\":\"fr-FR\",\"potentialAction\":[{\"@type\":\"ReadAction\",\"target\":[\"https:\/\/les2t.fr\/wsus-office-365-mise-a-jour-des-clients\/\"]}]},{\"@type\":\"ImageObject\",\"inLanguage\":\"fr-FR\",\"@id\":\"https:\/\/les2t.fr\/wsus-office-365-mise-a-jour-des-clients\/#primaryimage\",\"url\":\"https:\/\/les2t.fr\/wp-content\/uploads\/2014\/11\/o365.jpg\",\"contentUrl\":\"https:\/\/les2t.fr\/wp-content\/uploads\/2014\/11\/o365.jpg\"},{\"@type\":\"BreadcrumbList\",\"@id\":\"https:\/\/les2t.fr\/wsus-office-365-mise-a-jour-des-clients\/#breadcrumb\",\"itemListElement\":[{\"@type\":\"ListItem\",\"position\":1,\"name\":\"Home\",\"item\":\"https:\/\/les2t.fr\/fr_fr\/\"},{\"@type\":\"ListItem\",\"position\":2,\"name\":\"WSUS \u2013 Office 365 Mise \u00e0 jour des clients\"}]},{\"@type\":\"WebSite\",\"@id\":\"https:\/\/les2t.fr\/fr_fr\/#website\",\"url\":\"https:\/\/les2t.fr\/fr_fr\/\",\"name\":\"Les2T\",\"description\":\"| BLOG  IT |\",\"potentialAction\":[{\"@type\":\"SearchAction\",\"target\":{\"@type\":\"EntryPoint\",\"urlTemplate\":\"https:\/\/les2t.fr\/fr_fr\/?s={search_term_string}\"},\"query-input\":{\"@type\":\"PropertyValueSpecification\",\"valueRequired\":true,\"valueName\":\"search_term_string\"}}],\"inLanguage\":\"fr-FR\"},{\"@type\":\"Person\",\"@id\":\"https:\/\/les2t.fr\/fr_fr\/#\/schema\/person\/d96bb4f512f9aeb12dc923def245768e\",\"name\":\"TRARBACH Jean-Yves\",\"image\":{\"@type\":\"ImageObject\",\"inLanguage\":\"fr-FR\",\"@id\":\"https:\/\/les2t.fr\/fr_fr\/#\/schema\/person\/image\/\",\"url\":\"https:\/\/les2t.fr\/wp-content\/uploads\/2023\/02\/JeanYvestrarbach-96x96.jpg\",\"contentUrl\":\"https:\/\/les2t.fr\/wp-content\/uploads\/2023\/02\/JeanYvestrarbach-96x96.jpg\",\"caption\":\"TRARBACH Jean-Yves\"},\"description\":\"Head Of Modern Workplace Metsys MVP Windows &amp; devices For IT\",\"sameAs\":[\"https:\/\/les2t.fr\/jean-yves-trarbach\/\"],\"url\":\"https:\/\/les2t.fr\/fr_fr\/author\/kounac\/\"}]}<\/script>\n<!-- \/ Yoast SEO plugin. -->","yoast_head_json":{"title":"WSUS \u2013 Office 365 Mise \u00e0 jour des clients - Les2T","robots":{"index":"index","follow":"follow","max-snippet":"max-snippet:-1","max-image-preview":"max-image-preview:large","max-video-preview":"max-video-preview:-1"},"canonical":"https:\/\/les2t.fr\/fr_fr\/wsus-office-365-mise-a-jour-des-clients\/","og_locale":"fr_FR","og_type":"article","og_title":"WSUS \u2013 Office 365 Mise \u00e0 jour des clients - Les2T","og_description":"Il y a un mois, Microsoft avait annonc\u00e9 la prise en charge de la mise \u00e0 jour des clients Office 365 dans ConfigMgr, mais tout le monde\u00a0 ne dispose pas de ce produit. C\u2019est pourquoi la Team WSUS a mis en place une solution via WSUS.","og_url":"https:\/\/les2t.fr\/fr_fr\/wsus-office-365-mise-a-jour-des-clients\/","og_site_name":"Les2T","article_published_time":"2016-04-27T07:04:00+00:00","og_image":[{"url":"https:\/\/les2t.fr\/wp-content\/uploads\/2014\/11\/o365.jpg","type":"","width":"","height":""}],"author":"TRARBACH Jean-Yves","twitter_card":"summary_large_image","twitter_misc":{"\u00c9crit par":"TRARBACH Jean-Yves","Dur\u00e9e de lecture estim\u00e9e":"1 minute"},"schema":{"@context":"https:\/\/schema.org","@graph":[{"@type":"WebPage","@id":"https:\/\/les2t.fr\/wsus-office-365-mise-a-jour-des-clients\/","url":"https:\/\/les2t.fr\/wsus-office-365-mise-a-jour-des-clients\/","name":"WSUS \u2013 Office 365 Mise \u00e0 jour des clients - Les2T","isPartOf":{"@id":"https:\/\/les2t.fr\/fr_fr\/#website"},"primaryImageOfPage":{"@id":"https:\/\/les2t.fr\/wsus-office-365-mise-a-jour-des-clients\/#primaryimage"},"image":{"@id":"https:\/\/les2t.fr\/wsus-office-365-mise-a-jour-des-clients\/#primaryimage"},"thumbnailUrl":"https:\/\/les2t.fr\/wp-content\/uploads\/2014\/11\/o365.jpg","datePublished":"2016-04-27T07:04:00+00:00","author":{"@id":"https:\/\/les2t.fr\/fr_fr\/#\/schema\/person\/d96bb4f512f9aeb12dc923def245768e"},"breadcrumb":{"@id":"https:\/\/les2t.fr\/wsus-office-365-mise-a-jour-des-clients\/#breadcrumb"},"inLanguage":"fr-FR","potentialAction":[{"@type":"ReadAction","target":["https:\/\/les2t.fr\/wsus-office-365-mise-a-jour-des-clients\/"]}]},{"@type":"ImageObject","inLanguage":"fr-FR","@id":"https:\/\/les2t.fr\/wsus-office-365-mise-a-jour-des-clients\/#primaryimage","url":"https:\/\/les2t.fr\/wp-content\/uploads\/2014\/11\/o365.jpg","contentUrl":"https:\/\/les2t.fr\/wp-content\/uploads\/2014\/11\/o365.jpg"},{"@type":"BreadcrumbList","@id":"https:\/\/les2t.fr\/wsus-office-365-mise-a-jour-des-clients\/#breadcrumb","itemListElement":[{"@type":"ListItem","position":1,"name":"Home","item":"https:\/\/les2t.fr\/fr_fr\/"},{"@type":"ListItem","position":2,"name":"WSUS \u2013 Office 365 Mise \u00e0 jour des clients"}]},{"@type":"WebSite","@id":"https:\/\/les2t.fr\/fr_fr\/#website","url":"https:\/\/les2t.fr\/fr_fr\/","name":"Les2T","description":"| BLOG  IT |","potentialAction":[{"@type":"SearchAction","target":{"@type":"EntryPoint","urlTemplate":"https:\/\/les2t.fr\/fr_fr\/?s={search_term_string}"},"query-input":{"@type":"PropertyValueSpecification","valueRequired":true,"valueName":"search_term_string"}}],"inLanguage":"fr-FR"},{"@type":"Person","@id":"https:\/\/les2t.fr\/fr_fr\/#\/schema\/person\/d96bb4f512f9aeb12dc923def245768e","name":"TRARBACH Jean-Yves","image":{"@type":"ImageObject","inLanguage":"fr-FR","@id":"https:\/\/les2t.fr\/fr_fr\/#\/schema\/person\/image\/","url":"https:\/\/les2t.fr\/wp-content\/uploads\/2023\/02\/JeanYvestrarbach-96x96.jpg","contentUrl":"https:\/\/les2t.fr\/wp-content\/uploads\/2023\/02\/JeanYvestrarbach-96x96.jpg","caption":"TRARBACH Jean-Yves"},"description":"Head Of Modern Workplace Metsys MVP Windows &amp; devices For IT","sameAs":["https:\/\/les2t.fr\/jean-yves-trarbach\/"],"url":"https:\/\/les2t.fr\/fr_fr\/author\/kounac\/"}]}},"jetpack_featured_media_url":"","jetpack_sharing_enabled":true,"_links":{"self":[{"href":"https:\/\/les2t.fr\/fr_fr\/wp-json\/wp\/v2\/posts\/1915","targetHints":{"allow":["GET"]}}],"collection":[{"href":"https:\/\/les2t.fr\/fr_fr\/wp-json\/wp\/v2\/posts"}],"about":[{"href":"https:\/\/les2t.fr\/fr_fr\/wp-json\/wp\/v2\/types\/post"}],"author":[{"embeddable":true,"href":"https:\/\/les2t.fr\/fr_fr\/wp-json\/wp\/v2\/users\/1"}],"replies":[{"embeddable":true,"href":"https:\/\/les2t.fr\/fr_fr\/wp-json\/wp\/v2\/comments?post=1915"}],"version-history":[{"count":0,"href":"https:\/\/les2t.fr\/fr_fr\/wp-json\/wp\/v2\/posts\/1915\/revisions"}],"wp:attachment":[{"href":"https:\/\/les2t.fr\/fr_fr\/wp-json\/wp\/v2\/media?parent=1915"}],"wp:term":[{"taxonomy":"category","embeddable":true,"href":"https:\/\/les2t.fr\/fr_fr\/wp-json\/wp\/v2\/categories?post=1915"},{"taxonomy":"post_tag","embeddable":true,"href":"https:\/\/les2t.fr\/fr_fr\/wp-json\/wp\/v2\/tags?post=1915"}],"curies":[{"name":"wp","href":"https:\/\/api.w.org\/{rel}","templated":true}]}}