{"id":1831,"date":"2016-03-16T09:05:12","date_gmt":"2016-03-16T08:05:12","guid":{"rendered":"http:\/\/lestfrexgn.cluster020.hosting.ovh.net\/?p=1831"},"modified":"2016-03-12T16:38:42","modified_gmt":"2016-03-12T15:38:42","slug":"windows-7-patcher-plus-rapidement-lors-de-la-creation-de-limage","status":"publish","type":"post","link":"https:\/\/les2t.fr\/fr_fr\/windows-7-patcher-plus-rapidement-lors-de-la-creation-de-limage\/","title":{"rendered":"Windows 7 \u2013 Patcher plus rapidement lors de la cr\u00e9ation de l\u2019image."},"content":{"rendered":"<p><a href=\"https:\/\/les2t.fr\/wp-content\/uploads\/2016\/03\/W7.jpg\" rel=\"attachment wp-att-1832\"><img loading=\"lazy\" decoding=\"async\" class=\"size-full wp-image-1832 aligncenter\" src=\"https:\/\/les2t.fr\/wp-content\/uploads\/2016\/03\/W7.jpg\" alt=\"W7\" width=\"259\" height=\"194\" \/><\/a><br \/>\nM\u00eame si Windows 10 se d\u00e9mocratise, l\u2019utilisation de Windows 7 reste encore tr\u00e8s rependu dans les entreprises. Mais ce syst\u00e8me ne b\u00e9n\u00e9ficiera pas de Service Pack et tra\u00eene donc une multitude de patch et mises \u00e0 jours qui ralentissent lors de leurs applications la cr\u00e9ation de l\u2019image Wim.<\/p>\n<p><!--more--><br \/>\nC\u2019est pourquoi Michael Niehaus nous propose un billet pour MDT et SCCM permettant d\u2019acc\u00e9l\u00e9rer ce processus en utilisant la derni\u00e8re version de l\u2019agent Windows Update.<\/p>\n<ul>\n<li>A lire absolument : <a href=\"https:\/\/blogs.technet.microsoft.com\/mniehaus\/2016\/02\/12\/build-windows-7-images-faster-by-patching-them-faster\/\" target=\"_blank\">ICI<\/a><\/li>\n<\/ul>\n","protected":false},"excerpt":{"rendered":"<p>M\u00eame si Windows 10 se d\u00e9mocratise, l\u2019utilisation de Windows 7 reste encore tr\u00e8s rependu dans les entreprises. Mais ce syst\u00e8me ne b\u00e9n\u00e9ficiera pas de Service Pack et tra\u00eene donc une multitude de patch et mises \u00e0 jours qui ralentissent lors de leurs applications la cr\u00e9ation de l\u2019image Wim.<\/p>\n","protected":false},"author":1,"featured_media":0,"comment_status":"closed","ping_status":"closed","sticky":false,"template":"","format":"standard","meta":{"_et_pb_use_builder":"","_et_pb_old_content":"","_et_gb_content_width":"","_jetpack_memberships_contains_paid_content":false,"footnotes":""},"categories":[46,198,8,7,82],"tags":[167,72,36,24,165,164,90,22,26,48,173],"class_list":["post-1831","post","type-post","status-publish","format-standard","hentry","category-mdt","category-sccm","category-sccm-2007","category-sccm-2012","category-windows-7","tag-mdt","tag-mdt-2013","tag-microsoft","tag-patch","tag-sccm-2007","tag-sccm-2012","tag-sccm-v-next","tag-system-center-configuration-manager","tag-update-2","tag-windows","tag-windows-7"],"yoast_head":"<!-- This site is optimized with the Yoast SEO plugin v25.3.1 - https:\/\/yoast.com\/wordpress\/plugins\/seo\/ -->\n<title>Windows 7 \u2013 Patcher plus rapidement lors de la cr\u00e9ation de l\u2019image. - Les2T<\/title>\n<meta name=\"robots\" content=\"index, follow, max-snippet:-1, max-image-preview:large, max-video-preview:-1\" \/>\n<link rel=\"canonical\" href=\"https:\/\/les2t.fr\/fr_fr\/windows-7-patcher-plus-rapidement-lors-de-la-creation-de-limage\/\" \/>\n<meta property=\"og:locale\" content=\"fr_FR\" \/>\n<meta property=\"og:type\" content=\"article\" \/>\n<meta property=\"og:title\" content=\"Windows 7 \u2013 Patcher plus rapidement lors de la cr\u00e9ation de l\u2019image. - Les2T\" \/>\n<meta property=\"og:description\" content=\"M\u00eame si Windows 10 se d\u00e9mocratise, l\u2019utilisation de Windows 7 reste encore tr\u00e8s rependu dans les entreprises. Mais ce syst\u00e8me ne b\u00e9n\u00e9ficiera pas de Service Pack et tra\u00eene donc une multitude de patch et mises \u00e0 jours qui ralentissent lors de leurs applications la cr\u00e9ation de l\u2019image Wim.\" \/>\n<meta property=\"og:url\" content=\"https:\/\/les2t.fr\/fr_fr\/windows-7-patcher-plus-rapidement-lors-de-la-creation-de-limage\/\" \/>\n<meta property=\"og:site_name\" content=\"Les2T\" \/>\n<meta property=\"article:published_time\" content=\"2016-03-16T08:05:12+00:00\" \/>\n<meta property=\"og:image\" content=\"https:\/\/les2t.fr\/wp-content\/uploads\/2016\/03\/W7.jpg\" \/>\n<meta name=\"author\" content=\"TRARBACH Jean-Yves\" \/>\n<meta name=\"twitter:card\" content=\"summary_large_image\" \/>\n<meta name=\"twitter:label1\" content=\"\u00c9crit par\" \/>\n\t<meta name=\"twitter:data1\" content=\"TRARBACH Jean-Yves\" \/>\n<script type=\"application\/ld+json\" class=\"yoast-schema-graph\">{\"@context\":\"https:\/\/schema.org\",\"@graph\":[{\"@type\":\"WebPage\",\"@id\":\"https:\/\/les2t.fr\/windows-7-patcher-plus-rapidement-lors-de-la-creation-de-limage\/\",\"url\":\"https:\/\/les2t.fr\/windows-7-patcher-plus-rapidement-lors-de-la-creation-de-limage\/\",\"name\":\"Windows 7 \u2013 Patcher plus rapidement lors de la cr\u00e9ation de l\u2019image. - Les2T\",\"isPartOf\":{\"@id\":\"https:\/\/les2t.fr\/fr_fr\/#website\"},\"primaryImageOfPage\":{\"@id\":\"https:\/\/les2t.fr\/windows-7-patcher-plus-rapidement-lors-de-la-creation-de-limage\/#primaryimage\"},\"image\":{\"@id\":\"https:\/\/les2t.fr\/windows-7-patcher-plus-rapidement-lors-de-la-creation-de-limage\/#primaryimage\"},\"thumbnailUrl\":\"https:\/\/les2t.fr\/wp-content\/uploads\/2016\/03\/W7.jpg\",\"datePublished\":\"2016-03-16T08:05:12+00:00\",\"author\":{\"@id\":\"https:\/\/les2t.fr\/fr_fr\/#\/schema\/person\/d96bb4f512f9aeb12dc923def245768e\"},\"breadcrumb\":{\"@id\":\"https:\/\/les2t.fr\/windows-7-patcher-plus-rapidement-lors-de-la-creation-de-limage\/#breadcrumb\"},\"inLanguage\":\"fr-FR\",\"potentialAction\":[{\"@type\":\"ReadAction\",\"target\":[\"https:\/\/les2t.fr\/windows-7-patcher-plus-rapidement-lors-de-la-creation-de-limage\/\"]}]},{\"@type\":\"ImageObject\",\"inLanguage\":\"fr-FR\",\"@id\":\"https:\/\/les2t.fr\/windows-7-patcher-plus-rapidement-lors-de-la-creation-de-limage\/#primaryimage\",\"url\":\"https:\/\/les2t.fr\/wp-content\/uploads\/2016\/03\/W7.jpg\",\"contentUrl\":\"https:\/\/les2t.fr\/wp-content\/uploads\/2016\/03\/W7.jpg\"},{\"@type\":\"BreadcrumbList\",\"@id\":\"https:\/\/les2t.fr\/windows-7-patcher-plus-rapidement-lors-de-la-creation-de-limage\/#breadcrumb\",\"itemListElement\":[{\"@type\":\"ListItem\",\"position\":1,\"name\":\"Home\",\"item\":\"https:\/\/les2t.fr\/fr_fr\/\"},{\"@type\":\"ListItem\",\"position\":2,\"name\":\"Windows 7 \u2013 Patcher plus rapidement lors de la cr\u00e9ation de l\u2019image.\"}]},{\"@type\":\"WebSite\",\"@id\":\"https:\/\/les2t.fr\/fr_fr\/#website\",\"url\":\"https:\/\/les2t.fr\/fr_fr\/\",\"name\":\"Les2T\",\"description\":\"| BLOG  IT |\",\"potentialAction\":[{\"@type\":\"SearchAction\",\"target\":{\"@type\":\"EntryPoint\",\"urlTemplate\":\"https:\/\/les2t.fr\/fr_fr\/?s={search_term_string}\"},\"query-input\":{\"@type\":\"PropertyValueSpecification\",\"valueRequired\":true,\"valueName\":\"search_term_string\"}}],\"inLanguage\":\"fr-FR\"},{\"@type\":\"Person\",\"@id\":\"https:\/\/les2t.fr\/fr_fr\/#\/schema\/person\/d96bb4f512f9aeb12dc923def245768e\",\"name\":\"TRARBACH Jean-Yves\",\"image\":{\"@type\":\"ImageObject\",\"inLanguage\":\"fr-FR\",\"@id\":\"https:\/\/les2t.fr\/fr_fr\/#\/schema\/person\/image\/\",\"url\":\"https:\/\/les2t.fr\/wp-content\/uploads\/2023\/02\/JeanYvestrarbach-96x96.jpg\",\"contentUrl\":\"https:\/\/les2t.fr\/wp-content\/uploads\/2023\/02\/JeanYvestrarbach-96x96.jpg\",\"caption\":\"TRARBACH Jean-Yves\"},\"description\":\"Head Of Modern Workplace Metsys MVP Windows &amp; devices For IT\",\"sameAs\":[\"https:\/\/les2t.fr\/jean-yves-trarbach\/\"],\"url\":\"https:\/\/les2t.fr\/fr_fr\/author\/kounac\/\"}]}<\/script>\n<!-- \/ Yoast SEO plugin. -->","yoast_head_json":{"title":"Windows 7 \u2013 Patcher plus rapidement lors de la cr\u00e9ation de l\u2019image. - Les2T","robots":{"index":"index","follow":"follow","max-snippet":"max-snippet:-1","max-image-preview":"max-image-preview:large","max-video-preview":"max-video-preview:-1"},"canonical":"https:\/\/les2t.fr\/fr_fr\/windows-7-patcher-plus-rapidement-lors-de-la-creation-de-limage\/","og_locale":"fr_FR","og_type":"article","og_title":"Windows 7 \u2013 Patcher plus rapidement lors de la cr\u00e9ation de l\u2019image. - Les2T","og_description":"M\u00eame si Windows 10 se d\u00e9mocratise, l\u2019utilisation de Windows 7 reste encore tr\u00e8s rependu dans les entreprises. Mais ce syst\u00e8me ne b\u00e9n\u00e9ficiera pas de Service Pack et tra\u00eene donc une multitude de patch et mises \u00e0 jours qui ralentissent lors de leurs applications la cr\u00e9ation de l\u2019image Wim.","og_url":"https:\/\/les2t.fr\/fr_fr\/windows-7-patcher-plus-rapidement-lors-de-la-creation-de-limage\/","og_site_name":"Les2T","article_published_time":"2016-03-16T08:05:12+00:00","og_image":[{"url":"https:\/\/les2t.fr\/wp-content\/uploads\/2016\/03\/W7.jpg","type":"","width":"","height":""}],"author":"TRARBACH Jean-Yves","twitter_card":"summary_large_image","twitter_misc":{"\u00c9crit par":"TRARBACH Jean-Yves"},"schema":{"@context":"https:\/\/schema.org","@graph":[{"@type":"WebPage","@id":"https:\/\/les2t.fr\/windows-7-patcher-plus-rapidement-lors-de-la-creation-de-limage\/","url":"https:\/\/les2t.fr\/windows-7-patcher-plus-rapidement-lors-de-la-creation-de-limage\/","name":"Windows 7 \u2013 Patcher plus rapidement lors de la cr\u00e9ation de l\u2019image. - Les2T","isPartOf":{"@id":"https:\/\/les2t.fr\/fr_fr\/#website"},"primaryImageOfPage":{"@id":"https:\/\/les2t.fr\/windows-7-patcher-plus-rapidement-lors-de-la-creation-de-limage\/#primaryimage"},"image":{"@id":"https:\/\/les2t.fr\/windows-7-patcher-plus-rapidement-lors-de-la-creation-de-limage\/#primaryimage"},"thumbnailUrl":"https:\/\/les2t.fr\/wp-content\/uploads\/2016\/03\/W7.jpg","datePublished":"2016-03-16T08:05:12+00:00","author":{"@id":"https:\/\/les2t.fr\/fr_fr\/#\/schema\/person\/d96bb4f512f9aeb12dc923def245768e"},"breadcrumb":{"@id":"https:\/\/les2t.fr\/windows-7-patcher-plus-rapidement-lors-de-la-creation-de-limage\/#breadcrumb"},"inLanguage":"fr-FR","potentialAction":[{"@type":"ReadAction","target":["https:\/\/les2t.fr\/windows-7-patcher-plus-rapidement-lors-de-la-creation-de-limage\/"]}]},{"@type":"ImageObject","inLanguage":"fr-FR","@id":"https:\/\/les2t.fr\/windows-7-patcher-plus-rapidement-lors-de-la-creation-de-limage\/#primaryimage","url":"https:\/\/les2t.fr\/wp-content\/uploads\/2016\/03\/W7.jpg","contentUrl":"https:\/\/les2t.fr\/wp-content\/uploads\/2016\/03\/W7.jpg"},{"@type":"BreadcrumbList","@id":"https:\/\/les2t.fr\/windows-7-patcher-plus-rapidement-lors-de-la-creation-de-limage\/#breadcrumb","itemListElement":[{"@type":"ListItem","position":1,"name":"Home","item":"https:\/\/les2t.fr\/fr_fr\/"},{"@type":"ListItem","position":2,"name":"Windows 7 \u2013 Patcher plus rapidement lors de la cr\u00e9ation de l\u2019image."}]},{"@type":"WebSite","@id":"https:\/\/les2t.fr\/fr_fr\/#website","url":"https:\/\/les2t.fr\/fr_fr\/","name":"Les2T","description":"| BLOG  IT |","potentialAction":[{"@type":"SearchAction","target":{"@type":"EntryPoint","urlTemplate":"https:\/\/les2t.fr\/fr_fr\/?s={search_term_string}"},"query-input":{"@type":"PropertyValueSpecification","valueRequired":true,"valueName":"search_term_string"}}],"inLanguage":"fr-FR"},{"@type":"Person","@id":"https:\/\/les2t.fr\/fr_fr\/#\/schema\/person\/d96bb4f512f9aeb12dc923def245768e","name":"TRARBACH Jean-Yves","image":{"@type":"ImageObject","inLanguage":"fr-FR","@id":"https:\/\/les2t.fr\/fr_fr\/#\/schema\/person\/image\/","url":"https:\/\/les2t.fr\/wp-content\/uploads\/2023\/02\/JeanYvestrarbach-96x96.jpg","contentUrl":"https:\/\/les2t.fr\/wp-content\/uploads\/2023\/02\/JeanYvestrarbach-96x96.jpg","caption":"TRARBACH Jean-Yves"},"description":"Head Of Modern Workplace Metsys MVP Windows &amp; devices For IT","sameAs":["https:\/\/les2t.fr\/jean-yves-trarbach\/"],"url":"https:\/\/les2t.fr\/fr_fr\/author\/kounac\/"}]}},"jetpack_featured_media_url":"","jetpack_sharing_enabled":true,"_links":{"self":[{"href":"https:\/\/les2t.fr\/fr_fr\/wp-json\/wp\/v2\/posts\/1831","targetHints":{"allow":["GET"]}}],"collection":[{"href":"https:\/\/les2t.fr\/fr_fr\/wp-json\/wp\/v2\/posts"}],"about":[{"href":"https:\/\/les2t.fr\/fr_fr\/wp-json\/wp\/v2\/types\/post"}],"author":[{"embeddable":true,"href":"https:\/\/les2t.fr\/fr_fr\/wp-json\/wp\/v2\/users\/1"}],"replies":[{"embeddable":true,"href":"https:\/\/les2t.fr\/fr_fr\/wp-json\/wp\/v2\/comments?post=1831"}],"version-history":[{"count":0,"href":"https:\/\/les2t.fr\/fr_fr\/wp-json\/wp\/v2\/posts\/1831\/revisions"}],"wp:attachment":[{"href":"https:\/\/les2t.fr\/fr_fr\/wp-json\/wp\/v2\/media?parent=1831"}],"wp:term":[{"taxonomy":"category","embeddable":true,"href":"https:\/\/les2t.fr\/fr_fr\/wp-json\/wp\/v2\/categories?post=1831"},{"taxonomy":"post_tag","embeddable":true,"href":"https:\/\/les2t.fr\/fr_fr\/wp-json\/wp\/v2\/tags?post=1831"}],"curies":[{"name":"wp","href":"https:\/\/api.w.org\/{rel}","templated":true}]}}