{"id":2848,"date":"2018-08-10T12:01:10","date_gmt":"2018-08-10T10:01:10","guid":{"rendered":"http:\/\/lestfrexgn.cluster020.hosting.ovh.net\/?p=2848"},"modified":"2018-08-10T12:01:10","modified_gmt":"2018-08-10T10:01:10","slug":"sccm-une-video-sur-lintegration-des-mises-a-jour-third-party","status":"publish","type":"post","link":"https:\/\/les2t.fr\/en_us\/sccm-une-video-sur-lintegration-des-mises-a-jour-third-party\/","title":{"rendered":"SCCM \u2013 Une vid\u00e9o sur l\u2019int\u00e9gration des mises \u00e0 jour Third Party"},"content":{"rendered":"<p><a href=\"https:\/\/les2t.fr\/wp-content\/uploads\/2017\/02\/BANSCCM.png\"><img loading=\"lazy\" decoding=\"async\" class=\"alignnone size-full wp-image-2434\" src=\"https:\/\/les2t.fr\/wp-content\/uploads\/2017\/02\/BANSCCM.png\" alt=\"\" width=\"800\" height=\"250\" srcset=\"https:\/\/les2t.fr\/wp-content\/uploads\/2017\/02\/BANSCCM.png 800w, https:\/\/les2t.fr\/wp-content\/uploads\/2017\/02\/BANSCCM-480x150.png 480w\" sizes=\"(min-width: 0px) and (max-width: 480px) 480px, (min-width: 481px) 800px, 100vw\" \/><\/a><\/p>\n<p style=\"text-align: justify;\">L&rsquo;int\u00e9gration de mises \u00e0 jour Third Party est l&rsquo;une des fonctionnalit\u00e9s les plus demand\u00e9es sur le site de commentaires UserVoice de Configuration Manager. Si vous avez regard\u00e9 les aper\u00e7us techniques de Configuration Manager depuis la 1803, vous avez peut-\u00eatre remarqu\u00e9 que cette nouvelle fonctionnalit\u00e9 \u00e9tait en cours de pr\u00e9visualisation et m\u00eame impl\u00e9ment\u00e9 dans la version 1806 sortie ces derniers jours.<\/p>\n<p><!--more--><\/p>\n<p style=\"text-align: justify;\">Pour vous permettre d\u2019en savoir plus sur le sujet, Steven Rachui (Microsoft) a pr\u00e9par\u00e9 un didacticiel vid\u00e9o d\u00e9taill\u00e9. Dans cette vid\u00e9o, il couvre un peu l&rsquo;histoire, les exigences, la configuration et fait une d\u00e9monstration.<\/p>\n<p><iframe loading=\"lazy\" src=\"\/\/www.youtube.com\/embed\/bvAQeDSJIbs?list=PLSrRxZBnj1AUx3fFSPZ_cLOi09HlwEmaC\" width=\"560\" height=\"314\" allowfullscreen=\"allowfullscreen\"><\/iframe><\/p>\n<p>&nbsp;<\/p>\n<p style=\"text-align: justify;\">De m\u00eame Gr\u00e9gory Bouchu, vous propose d&rsquo;impl\u00e9menter cette fonctionnalit\u00e9 \u00e0 travers deux articles de blog en fran\u00e7ais :<\/p>\n<ul>\n<li>Partie 1 : <a href=\"http:\/\/www.microsoft-desktop.com\/2018\/07\/configuration-manager-mise-a-jour-des-logiciels-tiers-part-1\/\" target=\"_blank\" rel=\"noopener\">ICI<\/a><\/li>\n<li>Partie 2 : <a href=\"http:\/\/www.microsoft-desktop.com\/2018\/07\/configuration-manager-mise-a-jour-des-logiciels-tiers-part-2\/\" target=\"_blank\" rel=\"noopener\">ICI<\/a><\/li>\n<\/ul>\n<p>&nbsp;<\/p>","protected":false},"excerpt":{"rendered":"<p>L&rsquo;int\u00e9gration de mises \u00e0 jour Third Party est l&rsquo;une des fonctionnalit\u00e9s les plus demand\u00e9es sur le site de commentaires UserVoice de Configuration Manager. Si vous avez regard\u00e9 les aper\u00e7us techniques de Configuration Manager depuis la 1803, vous avez peut-\u00eatre remarqu\u00e9 que cette nouvelle fonctionnalit\u00e9 \u00e9tait en cours de pr\u00e9visualisation et m\u00eame impl\u00e9ment\u00e9 dans la version [&hellip;]<\/p>","protected":false},"author":1,"featured_media":0,"comment_status":"closed","ping_status":"closed","sticky":false,"template":"","format":"standard","meta":{"_et_pb_use_builder":"","_et_pb_old_content":"","_et_gb_content_width":"","_jetpack_memberships_contains_paid_content":false,"footnotes":""},"categories":[198],"tags":[113,36,114,22,160],"class_list":["post-2848","post","type-post","status-publish","format-standard","hentry","category-sccm","tag-configmgr","tag-microsoft","tag-sccm","tag-system-center-configuration-manager","tag-truc-et-astuces"],"yoast_head":"<!-- This site is optimized with the Yoast SEO plugin v25.3.1 - https:\/\/yoast.com\/wordpress\/plugins\/seo\/ -->\n<title>SCCM \u2013 Une vid\u00e9o sur l\u2019int\u00e9gration des mises \u00e0 jour Third Party - Les2T<\/title>\n<meta name=\"robots\" content=\"index, follow, max-snippet:-1, max-image-preview:large, max-video-preview:-1\" \/>\n<link rel=\"canonical\" href=\"https:\/\/les2t.fr\/en_us\/sccm-une-video-sur-lintegration-des-mises-a-jour-third-party\/\" \/>\n<meta property=\"og:locale\" content=\"en_US\" \/>\n<meta property=\"og:type\" content=\"article\" \/>\n<meta property=\"og:title\" content=\"SCCM \u2013 Une vid\u00e9o sur l\u2019int\u00e9gration des mises \u00e0 jour Third Party - Les2T\" \/>\n<meta property=\"og:description\" content=\"L&rsquo;int\u00e9gration de mises \u00e0 jour Third Party est l&rsquo;une des fonctionnalit\u00e9s les plus demand\u00e9es sur le site de commentaires UserVoice de Configuration Manager. Si vous avez regard\u00e9 les aper\u00e7us techniques de Configuration Manager depuis la 1803, vous avez peut-\u00eatre remarqu\u00e9 que cette nouvelle fonctionnalit\u00e9 \u00e9tait en cours de pr\u00e9visualisation et m\u00eame impl\u00e9ment\u00e9 dans la version [&hellip;]\" \/>\n<meta property=\"og:url\" content=\"https:\/\/les2t.fr\/en_us\/sccm-une-video-sur-lintegration-des-mises-a-jour-third-party\/\" \/>\n<meta property=\"og:site_name\" content=\"Les2T\" \/>\n<meta property=\"article:published_time\" content=\"2018-08-10T10:01:10+00:00\" \/>\n<meta property=\"og:image\" content=\"https:\/\/les2t.fr\/wp-content\/uploads\/2017\/02\/BANSCCM.png\" \/>\n<meta name=\"author\" content=\"TRARBACH Jean-Yves\" \/>\n<meta name=\"twitter:card\" content=\"summary_large_image\" \/>\n<meta name=\"twitter:label1\" content=\"Written by\" \/>\n\t<meta name=\"twitter:data1\" content=\"TRARBACH Jean-Yves\" \/>\n\t<meta name=\"twitter:label2\" content=\"Est. reading time\" \/>\n\t<meta name=\"twitter:data2\" content=\"1 minute\" \/>\n<script type=\"application\/ld+json\" class=\"yoast-schema-graph\">{\"@context\":\"https:\/\/schema.org\",\"@graph\":[{\"@type\":\"WebPage\",\"@id\":\"https:\/\/les2t.fr\/sccm-une-video-sur-lintegration-des-mises-a-jour-third-party\/\",\"url\":\"https:\/\/les2t.fr\/sccm-une-video-sur-lintegration-des-mises-a-jour-third-party\/\",\"name\":\"SCCM \u2013 Une vid\u00e9o sur l\u2019int\u00e9gration des mises \u00e0 jour Third Party - Les2T\",\"isPartOf\":{\"@id\":\"https:\/\/les2t.fr\/fr_fr\/#website\"},\"primaryImageOfPage\":{\"@id\":\"https:\/\/les2t.fr\/sccm-une-video-sur-lintegration-des-mises-a-jour-third-party\/#primaryimage\"},\"image\":{\"@id\":\"https:\/\/les2t.fr\/sccm-une-video-sur-lintegration-des-mises-a-jour-third-party\/#primaryimage\"},\"thumbnailUrl\":\"https:\/\/les2t.fr\/wp-content\/uploads\/2017\/02\/BANSCCM.png\",\"datePublished\":\"2018-08-10T10:01:10+00:00\",\"author\":{\"@id\":\"https:\/\/les2t.fr\/fr_fr\/#\/schema\/person\/d96bb4f512f9aeb12dc923def245768e\"},\"breadcrumb\":{\"@id\":\"https:\/\/les2t.fr\/sccm-une-video-sur-lintegration-des-mises-a-jour-third-party\/#breadcrumb\"},\"inLanguage\":\"en-US\",\"potentialAction\":[{\"@type\":\"ReadAction\",\"target\":[\"https:\/\/les2t.fr\/sccm-une-video-sur-lintegration-des-mises-a-jour-third-party\/\"]}]},{\"@type\":\"ImageObject\",\"inLanguage\":\"en-US\",\"@id\":\"https:\/\/les2t.fr\/sccm-une-video-sur-lintegration-des-mises-a-jour-third-party\/#primaryimage\",\"url\":\"https:\/\/les2t.fr\/wp-content\/uploads\/2017\/02\/BANSCCM.png\",\"contentUrl\":\"https:\/\/les2t.fr\/wp-content\/uploads\/2017\/02\/BANSCCM.png\"},{\"@type\":\"BreadcrumbList\",\"@id\":\"https:\/\/les2t.fr\/sccm-une-video-sur-lintegration-des-mises-a-jour-third-party\/#breadcrumb\",\"itemListElement\":[{\"@type\":\"ListItem\",\"position\":1,\"name\":\"Home\",\"item\":\"https:\/\/les2t.fr\/fr_fr\/\"},{\"@type\":\"ListItem\",\"position\":2,\"name\":\"SCCM \u2013 Une vid\u00e9o sur l\u2019int\u00e9gration des mises \u00e0 jour Third Party\"}]},{\"@type\":\"WebSite\",\"@id\":\"https:\/\/les2t.fr\/fr_fr\/#website\",\"url\":\"https:\/\/les2t.fr\/fr_fr\/\",\"name\":\"Les2T\",\"description\":\"| BLOG  IT |\",\"potentialAction\":[{\"@type\":\"SearchAction\",\"target\":{\"@type\":\"EntryPoint\",\"urlTemplate\":\"https:\/\/les2t.fr\/fr_fr\/?s={search_term_string}\"},\"query-input\":{\"@type\":\"PropertyValueSpecification\",\"valueRequired\":true,\"valueName\":\"search_term_string\"}}],\"inLanguage\":\"en-US\"},{\"@type\":\"Person\",\"@id\":\"https:\/\/les2t.fr\/fr_fr\/#\/schema\/person\/d96bb4f512f9aeb12dc923def245768e\",\"name\":\"TRARBACH Jean-Yves\",\"image\":{\"@type\":\"ImageObject\",\"inLanguage\":\"en-US\",\"@id\":\"https:\/\/les2t.fr\/fr_fr\/#\/schema\/person\/image\/\",\"url\":\"https:\/\/les2t.fr\/wp-content\/uploads\/2023\/02\/JeanYvestrarbach-96x96.jpg\",\"contentUrl\":\"https:\/\/les2t.fr\/wp-content\/uploads\/2023\/02\/JeanYvestrarbach-96x96.jpg\",\"caption\":\"TRARBACH Jean-Yves\"},\"description\":\"Head Of Modern Workplace Metsys MVP Windows &amp; devices For IT\",\"sameAs\":[\"https:\/\/les2t.fr\/jean-yves-trarbach\/\"],\"url\":\"https:\/\/les2t.fr\/en_us\/author\/kounac\/\"}]}<\/script>\n<!-- \/ Yoast SEO plugin. -->","yoast_head_json":{"title":"SCCM \u2013 Une vid\u00e9o sur l\u2019int\u00e9gration des mises \u00e0 jour Third Party - Les2T","robots":{"index":"index","follow":"follow","max-snippet":"max-snippet:-1","max-image-preview":"max-image-preview:large","max-video-preview":"max-video-preview:-1"},"canonical":"https:\/\/les2t.fr\/en_us\/sccm-une-video-sur-lintegration-des-mises-a-jour-third-party\/","og_locale":"en_US","og_type":"article","og_title":"SCCM \u2013 Une vid\u00e9o sur l\u2019int\u00e9gration des mises \u00e0 jour Third Party - Les2T","og_description":"L&rsquo;int\u00e9gration de mises \u00e0 jour Third Party est l&rsquo;une des fonctionnalit\u00e9s les plus demand\u00e9es sur le site de commentaires UserVoice de Configuration Manager. Si vous avez regard\u00e9 les aper\u00e7us techniques de Configuration Manager depuis la 1803, vous avez peut-\u00eatre remarqu\u00e9 que cette nouvelle fonctionnalit\u00e9 \u00e9tait en cours de pr\u00e9visualisation et m\u00eame impl\u00e9ment\u00e9 dans la version [&hellip;]","og_url":"https:\/\/les2t.fr\/en_us\/sccm-une-video-sur-lintegration-des-mises-a-jour-third-party\/","og_site_name":"Les2T","article_published_time":"2018-08-10T10:01:10+00:00","og_image":[{"url":"https:\/\/les2t.fr\/wp-content\/uploads\/2017\/02\/BANSCCM.png","type":"","width":"","height":""}],"author":"TRARBACH Jean-Yves","twitter_card":"summary_large_image","twitter_misc":{"Written by":"TRARBACH Jean-Yves","Est. reading time":"1 minute"},"schema":{"@context":"https:\/\/schema.org","@graph":[{"@type":"WebPage","@id":"https:\/\/les2t.fr\/sccm-une-video-sur-lintegration-des-mises-a-jour-third-party\/","url":"https:\/\/les2t.fr\/sccm-une-video-sur-lintegration-des-mises-a-jour-third-party\/","name":"SCCM \u2013 Une vid\u00e9o sur l\u2019int\u00e9gration des mises \u00e0 jour Third Party - Les2T","isPartOf":{"@id":"https:\/\/les2t.fr\/fr_fr\/#website"},"primaryImageOfPage":{"@id":"https:\/\/les2t.fr\/sccm-une-video-sur-lintegration-des-mises-a-jour-third-party\/#primaryimage"},"image":{"@id":"https:\/\/les2t.fr\/sccm-une-video-sur-lintegration-des-mises-a-jour-third-party\/#primaryimage"},"thumbnailUrl":"https:\/\/les2t.fr\/wp-content\/uploads\/2017\/02\/BANSCCM.png","datePublished":"2018-08-10T10:01:10+00:00","author":{"@id":"https:\/\/les2t.fr\/fr_fr\/#\/schema\/person\/d96bb4f512f9aeb12dc923def245768e"},"breadcrumb":{"@id":"https:\/\/les2t.fr\/sccm-une-video-sur-lintegration-des-mises-a-jour-third-party\/#breadcrumb"},"inLanguage":"en-US","potentialAction":[{"@type":"ReadAction","target":["https:\/\/les2t.fr\/sccm-une-video-sur-lintegration-des-mises-a-jour-third-party\/"]}]},{"@type":"ImageObject","inLanguage":"en-US","@id":"https:\/\/les2t.fr\/sccm-une-video-sur-lintegration-des-mises-a-jour-third-party\/#primaryimage","url":"https:\/\/les2t.fr\/wp-content\/uploads\/2017\/02\/BANSCCM.png","contentUrl":"https:\/\/les2t.fr\/wp-content\/uploads\/2017\/02\/BANSCCM.png"},{"@type":"BreadcrumbList","@id":"https:\/\/les2t.fr\/sccm-une-video-sur-lintegration-des-mises-a-jour-third-party\/#breadcrumb","itemListElement":[{"@type":"ListItem","position":1,"name":"Home","item":"https:\/\/les2t.fr\/fr_fr\/"},{"@type":"ListItem","position":2,"name":"SCCM \u2013 Une vid\u00e9o sur l\u2019int\u00e9gration des mises \u00e0 jour Third Party"}]},{"@type":"WebSite","@id":"https:\/\/les2t.fr\/fr_fr\/#website","url":"https:\/\/les2t.fr\/fr_fr\/","name":"Les2T","description":"| BLOG  IT |","potentialAction":[{"@type":"SearchAction","target":{"@type":"EntryPoint","urlTemplate":"https:\/\/les2t.fr\/fr_fr\/?s={search_term_string}"},"query-input":{"@type":"PropertyValueSpecification","valueRequired":true,"valueName":"search_term_string"}}],"inLanguage":"en-US"},{"@type":"Person","@id":"https:\/\/les2t.fr\/fr_fr\/#\/schema\/person\/d96bb4f512f9aeb12dc923def245768e","name":"TRARBACH Jean-Yves","image":{"@type":"ImageObject","inLanguage":"en-US","@id":"https:\/\/les2t.fr\/fr_fr\/#\/schema\/person\/image\/","url":"https:\/\/les2t.fr\/wp-content\/uploads\/2023\/02\/JeanYvestrarbach-96x96.jpg","contentUrl":"https:\/\/les2t.fr\/wp-content\/uploads\/2023\/02\/JeanYvestrarbach-96x96.jpg","caption":"TRARBACH Jean-Yves"},"description":"Head Of Modern Workplace Metsys MVP Windows &amp; devices For IT","sameAs":["https:\/\/les2t.fr\/jean-yves-trarbach\/"],"url":"https:\/\/les2t.fr\/en_us\/author\/kounac\/"}]}},"jetpack_featured_media_url":"","jetpack_sharing_enabled":true,"_links":{"self":[{"href":"https:\/\/les2t.fr\/en_us\/wp-json\/wp\/v2\/posts\/2848","targetHints":{"allow":["GET"]}}],"collection":[{"href":"https:\/\/les2t.fr\/en_us\/wp-json\/wp\/v2\/posts"}],"about":[{"href":"https:\/\/les2t.fr\/en_us\/wp-json\/wp\/v2\/types\/post"}],"author":[{"embeddable":true,"href":"https:\/\/les2t.fr\/en_us\/wp-json\/wp\/v2\/users\/1"}],"replies":[{"embeddable":true,"href":"https:\/\/les2t.fr\/en_us\/wp-json\/wp\/v2\/comments?post=2848"}],"version-history":[{"count":0,"href":"https:\/\/les2t.fr\/en_us\/wp-json\/wp\/v2\/posts\/2848\/revisions"}],"wp:attachment":[{"href":"https:\/\/les2t.fr\/en_us\/wp-json\/wp\/v2\/media?parent=2848"}],"wp:term":[{"taxonomy":"category","embeddable":true,"href":"https:\/\/les2t.fr\/en_us\/wp-json\/wp\/v2\/categories?post=2848"},{"taxonomy":"post_tag","embeddable":true,"href":"https:\/\/les2t.fr\/en_us\/wp-json\/wp\/v2\/tags?post=2848"}],"curies":[{"name":"wp","href":"https:\/\/api.w.org\/{rel}","templated":true}]}}