{"id":2817,"date":"2018-02-02T10:12:17","date_gmt":"2018-02-02T09:12:17","guid":{"rendered":"http:\/\/lestfrexgn.cluster020.hosting.ovh.net\/?p=2817"},"modified":"2018-02-02T10:12:17","modified_gmt":"2018-02-02T09:12:17","slug":"windows-10-extension-du-soutien-de-18-a-24-mois-mais","status":"publish","type":"post","link":"https:\/\/les2t.fr\/en_us\/windows-10-extension-du-soutien-de-18-a-24-mois-mais\/","title":{"rendered":"Windows 10 &#8211; Extension du soutien de 18 \u00e0 24 mois, mais\u2026"},"content":{"rendered":"<p><a href=\"https:\/\/les2t.fr\/wp-content\/uploads\/2017\/02\/BANW10.png\"><img loading=\"lazy\" decoding=\"async\" class=\"alignnone size-full wp-image-2439\" src=\"https:\/\/les2t.fr\/wp-content\/uploads\/2017\/02\/BANW10.png\" alt=\"\" width=\"800\" height=\"250\" srcset=\"https:\/\/les2t.fr\/wp-content\/uploads\/2017\/02\/BANW10.png 800w, https:\/\/les2t.fr\/wp-content\/uploads\/2017\/02\/BANW10-480x150.png 480w\" sizes=\"(min-width: 0px) and (max-width: 480px) 480px, (min-width: 481px) 800px, 100vw\" \/><\/a><\/p>\n<p style=\"background: white; margin: 15.0pt 0cm 7.5pt 0cm;\"><span style=\"font-size: 10.5pt; font-family: 'Segoe UI',sans-serif; color: #333333;\">Microsoft vient d\u2019annoncer une modification du soutien de <strong><span style=\"text-decoration: underline;\">certaines versions et builds<\/span><\/strong> de son nouvel OS\u00a0: Windows 10.<\/span><\/p>\n<p><!--more--><\/p>\n<p style=\"background: white; margin: 15.0pt 0cm 7.5pt 0cm;\"><span style=\"font-size: 10.5pt; font-family: 'Segoe UI',sans-serif; color: #333333;\">M\u00eame si, au dire de Microsoft, Windows 10 est adopt\u00e9 rapidement par les organisations de toutes tailles et que celle-ci utilise bien Windows As A Service, certains ont demand\u00e9 une extension de la prise en charge standard de 18 mois pour Windows 10.\u00a0<\/span><\/p>\n<p style=\"background: white; margin: 15.0pt 0cm 7.5pt 0cm;\"><span style=\"font-size: 10.5pt; font-family: 'Segoe UI',sans-serif; color: #333333;\">Pour aider ces clients, Microsoft a d\u00e9cid\u00e9 de prolonger de six mois suppl\u00e9mentaires se soutien pour les \u00e9ditions Enterprise et Education de Windows 10, versions 1607, 1703 et 1709. (La m\u00eame chose avait \u00e9t\u00e9 annonc\u00e9 pour Windows 10, version 1511 en novembre.) <\/span><\/p>\n<p style=\"background: white; margin: 15.0pt 0cm 7.5pt 0cm;\"><span style=\"font-size: 10.5pt; font-family: 'Segoe UI',sans-serif; color: #333333;\">Le tableau ci-dessous pr\u00e9sente l&rsquo;impact de ces extensions pour chacune des quatre derni\u00e8res versions de Windows 10.<\/span><\/p>\n<p>&nbsp;<\/p>\n<table border=\"1\" width=\"100%\">\n<tbody>\n<tr>\n<td>Lib\u00e9ration<\/td>\n<td>Date de sortie<\/td>\n<td>Fin du support<\/td>\n<td>Fin du service suppl\u00e9mentaire pour Enterprise, Education<\/td>\n<\/tr>\n<tr>\n<td>Windows 10, version 1511<\/td>\n<td>10 novembre 2015<\/td>\n<td>10 octobre 2017<\/td>\n<td>10 avril 2018<\/td>\n<\/tr>\n<tr>\n<td>Windows 10, version 1607<\/td>\n<td>2 ao\u00fbt 2016<\/td>\n<td>10 avril 2018<\/td>\n<td>9 octobre 2018<\/td>\n<\/tr>\n<tr>\n<td>Windows 10, version 1703<\/td>\n<td>5 avril 2017<\/td>\n<td>9 octobre 2018<\/td>\n<td>9 avril 2019<\/td>\n<\/tr>\n<tr>\n<td>Windows 10, version 1709<\/td>\n<td>17 octobre 2017<\/td>\n<td>9 avril 2019<\/td>\n<td>8 octobre 2019<\/td>\n<\/tr>\n<\/tbody>\n<\/table>\n<p>L\u2019annonce : <a href=\"https:\/\/blogs.technet.microsoft.com\/windowsitpro\/2018\/02\/01\/changes-to-office-and-windows-servicing-and-support\/\" target=\"_blank\" rel=\"noopener\">ICI<\/a><\/p>","protected":false},"excerpt":{"rendered":"<p>Microsoft vient d\u2019annoncer une modification du soutien de certaines versions et builds de son nouvel OS\u00a0: Windows 10.<\/p>","protected":false},"author":1,"featured_media":0,"comment_status":"closed","ping_status":"closed","sticky":false,"template":"","format":"standard","meta":{"_et_pb_use_builder":"","_et_pb_old_content":"","_et_gb_content_width":"","_jetpack_memberships_contains_paid_content":false,"footnotes":""},"categories":[47],"tags":[36,48,168],"class_list":["post-2817","post","type-post","status-publish","format-standard","hentry","category-windows-10","tag-microsoft","tag-windows","tag-windows-10"],"yoast_head":"<!-- This site is optimized with the Yoast SEO plugin v25.3.1 - https:\/\/yoast.com\/wordpress\/plugins\/seo\/ -->\n<title>Windows 10 - Extension du soutien de 18 \u00e0 24 mois, mais\u2026 - Les2T<\/title>\n<meta name=\"robots\" content=\"index, follow, max-snippet:-1, max-image-preview:large, max-video-preview:-1\" \/>\n<link rel=\"canonical\" href=\"https:\/\/les2t.fr\/en_us\/windows-10-extension-du-soutien-de-18-a-24-mois-mais\/\" \/>\n<meta property=\"og:locale\" content=\"en_US\" \/>\n<meta property=\"og:type\" content=\"article\" \/>\n<meta property=\"og:title\" content=\"Windows 10 - Extension du soutien de 18 \u00e0 24 mois, mais\u2026 - Les2T\" \/>\n<meta property=\"og:description\" content=\"Microsoft vient d\u2019annoncer une modification du soutien de certaines versions et builds de son nouvel OS\u00a0: Windows 10.\" \/>\n<meta property=\"og:url\" content=\"https:\/\/les2t.fr\/en_us\/windows-10-extension-du-soutien-de-18-a-24-mois-mais\/\" \/>\n<meta property=\"og:site_name\" content=\"Les2T\" \/>\n<meta property=\"article:published_time\" content=\"2018-02-02T09:12:17+00:00\" \/>\n<meta property=\"og:image\" content=\"https:\/\/les2t.fr\/wp-content\/uploads\/2017\/02\/BANW10.png\" \/>\n<meta name=\"author\" content=\"TRARBACH Jean-Yves\" \/>\n<meta name=\"twitter:card\" content=\"summary_large_image\" \/>\n<meta name=\"twitter:label1\" content=\"Written by\" \/>\n\t<meta name=\"twitter:data1\" content=\"TRARBACH Jean-Yves\" \/>\n\t<meta name=\"twitter:label2\" content=\"Est. reading time\" \/>\n\t<meta name=\"twitter:data2\" content=\"1 minute\" \/>\n<script type=\"application\/ld+json\" class=\"yoast-schema-graph\">{\"@context\":\"https:\/\/schema.org\",\"@graph\":[{\"@type\":\"WebPage\",\"@id\":\"https:\/\/les2t.fr\/windows-10-extension-du-soutien-de-18-a-24-mois-mais\/\",\"url\":\"https:\/\/les2t.fr\/windows-10-extension-du-soutien-de-18-a-24-mois-mais\/\",\"name\":\"Windows 10 - Extension du soutien de 18 \u00e0 24 mois, mais\u2026 - Les2T\",\"isPartOf\":{\"@id\":\"https:\/\/les2t.fr\/fr_fr\/#website\"},\"primaryImageOfPage\":{\"@id\":\"https:\/\/les2t.fr\/windows-10-extension-du-soutien-de-18-a-24-mois-mais\/#primaryimage\"},\"image\":{\"@id\":\"https:\/\/les2t.fr\/windows-10-extension-du-soutien-de-18-a-24-mois-mais\/#primaryimage\"},\"thumbnailUrl\":\"https:\/\/les2t.fr\/wp-content\/uploads\/2017\/02\/BANW10.png\",\"datePublished\":\"2018-02-02T09:12:17+00:00\",\"author\":{\"@id\":\"https:\/\/les2t.fr\/fr_fr\/#\/schema\/person\/d96bb4f512f9aeb12dc923def245768e\"},\"breadcrumb\":{\"@id\":\"https:\/\/les2t.fr\/windows-10-extension-du-soutien-de-18-a-24-mois-mais\/#breadcrumb\"},\"inLanguage\":\"en-US\",\"potentialAction\":[{\"@type\":\"ReadAction\",\"target\":[\"https:\/\/les2t.fr\/windows-10-extension-du-soutien-de-18-a-24-mois-mais\/\"]}]},{\"@type\":\"ImageObject\",\"inLanguage\":\"en-US\",\"@id\":\"https:\/\/les2t.fr\/windows-10-extension-du-soutien-de-18-a-24-mois-mais\/#primaryimage\",\"url\":\"https:\/\/les2t.fr\/wp-content\/uploads\/2017\/02\/BANW10.png\",\"contentUrl\":\"https:\/\/les2t.fr\/wp-content\/uploads\/2017\/02\/BANW10.png\"},{\"@type\":\"BreadcrumbList\",\"@id\":\"https:\/\/les2t.fr\/windows-10-extension-du-soutien-de-18-a-24-mois-mais\/#breadcrumb\",\"itemListElement\":[{\"@type\":\"ListItem\",\"position\":1,\"name\":\"Home\",\"item\":\"https:\/\/les2t.fr\/fr_fr\/\"},{\"@type\":\"ListItem\",\"position\":2,\"name\":\"Windows 10 &#8211; Extension du soutien de 18 \u00e0 24 mois, mais\u2026\"}]},{\"@type\":\"WebSite\",\"@id\":\"https:\/\/les2t.fr\/fr_fr\/#website\",\"url\":\"https:\/\/les2t.fr\/fr_fr\/\",\"name\":\"Les2T\",\"description\":\"| BLOG  IT |\",\"potentialAction\":[{\"@type\":\"SearchAction\",\"target\":{\"@type\":\"EntryPoint\",\"urlTemplate\":\"https:\/\/les2t.fr\/fr_fr\/?s={search_term_string}\"},\"query-input\":{\"@type\":\"PropertyValueSpecification\",\"valueRequired\":true,\"valueName\":\"search_term_string\"}}],\"inLanguage\":\"en-US\"},{\"@type\":\"Person\",\"@id\":\"https:\/\/les2t.fr\/fr_fr\/#\/schema\/person\/d96bb4f512f9aeb12dc923def245768e\",\"name\":\"TRARBACH Jean-Yves\",\"image\":{\"@type\":\"ImageObject\",\"inLanguage\":\"en-US\",\"@id\":\"https:\/\/les2t.fr\/fr_fr\/#\/schema\/person\/image\/\",\"url\":\"https:\/\/les2t.fr\/wp-content\/uploads\/2023\/02\/JeanYvestrarbach-96x96.jpg\",\"contentUrl\":\"https:\/\/les2t.fr\/wp-content\/uploads\/2023\/02\/JeanYvestrarbach-96x96.jpg\",\"caption\":\"TRARBACH Jean-Yves\"},\"description\":\"Head Of Modern Workplace Metsys MVP Windows &amp; devices For IT\",\"sameAs\":[\"https:\/\/les2t.fr\/jean-yves-trarbach\/\"],\"url\":\"https:\/\/les2t.fr\/en_us\/author\/kounac\/\"}]}<\/script>\n<!-- \/ Yoast SEO plugin. -->","yoast_head_json":{"title":"Windows 10 - Extension du soutien de 18 \u00e0 24 mois, mais\u2026 - Les2T","robots":{"index":"index","follow":"follow","max-snippet":"max-snippet:-1","max-image-preview":"max-image-preview:large","max-video-preview":"max-video-preview:-1"},"canonical":"https:\/\/les2t.fr\/en_us\/windows-10-extension-du-soutien-de-18-a-24-mois-mais\/","og_locale":"en_US","og_type":"article","og_title":"Windows 10 - Extension du soutien de 18 \u00e0 24 mois, mais\u2026 - Les2T","og_description":"Microsoft vient d\u2019annoncer une modification du soutien de certaines versions et builds de son nouvel OS\u00a0: Windows 10.","og_url":"https:\/\/les2t.fr\/en_us\/windows-10-extension-du-soutien-de-18-a-24-mois-mais\/","og_site_name":"Les2T","article_published_time":"2018-02-02T09:12:17+00:00","og_image":[{"url":"https:\/\/les2t.fr\/wp-content\/uploads\/2017\/02\/BANW10.png","type":"","width":"","height":""}],"author":"TRARBACH Jean-Yves","twitter_card":"summary_large_image","twitter_misc":{"Written by":"TRARBACH Jean-Yves","Est. reading time":"1 minute"},"schema":{"@context":"https:\/\/schema.org","@graph":[{"@type":"WebPage","@id":"https:\/\/les2t.fr\/windows-10-extension-du-soutien-de-18-a-24-mois-mais\/","url":"https:\/\/les2t.fr\/windows-10-extension-du-soutien-de-18-a-24-mois-mais\/","name":"Windows 10 - Extension du soutien de 18 \u00e0 24 mois, mais\u2026 - Les2T","isPartOf":{"@id":"https:\/\/les2t.fr\/fr_fr\/#website"},"primaryImageOfPage":{"@id":"https:\/\/les2t.fr\/windows-10-extension-du-soutien-de-18-a-24-mois-mais\/#primaryimage"},"image":{"@id":"https:\/\/les2t.fr\/windows-10-extension-du-soutien-de-18-a-24-mois-mais\/#primaryimage"},"thumbnailUrl":"https:\/\/les2t.fr\/wp-content\/uploads\/2017\/02\/BANW10.png","datePublished":"2018-02-02T09:12:17+00:00","author":{"@id":"https:\/\/les2t.fr\/fr_fr\/#\/schema\/person\/d96bb4f512f9aeb12dc923def245768e"},"breadcrumb":{"@id":"https:\/\/les2t.fr\/windows-10-extension-du-soutien-de-18-a-24-mois-mais\/#breadcrumb"},"inLanguage":"en-US","potentialAction":[{"@type":"ReadAction","target":["https:\/\/les2t.fr\/windows-10-extension-du-soutien-de-18-a-24-mois-mais\/"]}]},{"@type":"ImageObject","inLanguage":"en-US","@id":"https:\/\/les2t.fr\/windows-10-extension-du-soutien-de-18-a-24-mois-mais\/#primaryimage","url":"https:\/\/les2t.fr\/wp-content\/uploads\/2017\/02\/BANW10.png","contentUrl":"https:\/\/les2t.fr\/wp-content\/uploads\/2017\/02\/BANW10.png"},{"@type":"BreadcrumbList","@id":"https:\/\/les2t.fr\/windows-10-extension-du-soutien-de-18-a-24-mois-mais\/#breadcrumb","itemListElement":[{"@type":"ListItem","position":1,"name":"Home","item":"https:\/\/les2t.fr\/fr_fr\/"},{"@type":"ListItem","position":2,"name":"Windows 10 &#8211; Extension du soutien de 18 \u00e0 24 mois, mais\u2026"}]},{"@type":"WebSite","@id":"https:\/\/les2t.fr\/fr_fr\/#website","url":"https:\/\/les2t.fr\/fr_fr\/","name":"Les2T","description":"| BLOG  IT |","potentialAction":[{"@type":"SearchAction","target":{"@type":"EntryPoint","urlTemplate":"https:\/\/les2t.fr\/fr_fr\/?s={search_term_string}"},"query-input":{"@type":"PropertyValueSpecification","valueRequired":true,"valueName":"search_term_string"}}],"inLanguage":"en-US"},{"@type":"Person","@id":"https:\/\/les2t.fr\/fr_fr\/#\/schema\/person\/d96bb4f512f9aeb12dc923def245768e","name":"TRARBACH Jean-Yves","image":{"@type":"ImageObject","inLanguage":"en-US","@id":"https:\/\/les2t.fr\/fr_fr\/#\/schema\/person\/image\/","url":"https:\/\/les2t.fr\/wp-content\/uploads\/2023\/02\/JeanYvestrarbach-96x96.jpg","contentUrl":"https:\/\/les2t.fr\/wp-content\/uploads\/2023\/02\/JeanYvestrarbach-96x96.jpg","caption":"TRARBACH Jean-Yves"},"description":"Head Of Modern Workplace Metsys MVP Windows &amp; devices For IT","sameAs":["https:\/\/les2t.fr\/jean-yves-trarbach\/"],"url":"https:\/\/les2t.fr\/en_us\/author\/kounac\/"}]}},"jetpack_featured_media_url":"","jetpack_sharing_enabled":true,"_links":{"self":[{"href":"https:\/\/les2t.fr\/en_us\/wp-json\/wp\/v2\/posts\/2817","targetHints":{"allow":["GET"]}}],"collection":[{"href":"https:\/\/les2t.fr\/en_us\/wp-json\/wp\/v2\/posts"}],"about":[{"href":"https:\/\/les2t.fr\/en_us\/wp-json\/wp\/v2\/types\/post"}],"author":[{"embeddable":true,"href":"https:\/\/les2t.fr\/en_us\/wp-json\/wp\/v2\/users\/1"}],"replies":[{"embeddable":true,"href":"https:\/\/les2t.fr\/en_us\/wp-json\/wp\/v2\/comments?post=2817"}],"version-history":[{"count":0,"href":"https:\/\/les2t.fr\/en_us\/wp-json\/wp\/v2\/posts\/2817\/revisions"}],"wp:attachment":[{"href":"https:\/\/les2t.fr\/en_us\/wp-json\/wp\/v2\/media?parent=2817"}],"wp:term":[{"taxonomy":"category","embeddable":true,"href":"https:\/\/les2t.fr\/en_us\/wp-json\/wp\/v2\/categories?post=2817"},{"taxonomy":"post_tag","embeddable":true,"href":"https:\/\/les2t.fr\/en_us\/wp-json\/wp\/v2\/tags?post=2817"}],"curies":[{"name":"wp","href":"https:\/\/api.w.org\/{rel}","templated":true}]}}