{"id":1752,"date":"2016-02-17T08:35:21","date_gmt":"2016-02-17T07:35:21","guid":{"rendered":"http:\/\/lestfrexgn.cluster020.hosting.ovh.net\/?p=1752"},"modified":"2016-02-17T08:35:45","modified_gmt":"2016-02-17T07:35:45","slug":"mdtsccm-ajouter-les-net-4-6-1-a-une-image-de-reference","status":"publish","type":"post","link":"https:\/\/les2t.fr\/en_us\/mdtsccm-ajouter-les-net-4-6-1-a-une-image-de-reference\/","title":{"rendered":"MDT\\SCCM \u2013 ne pas ajouter les .net 4.6.1 \u00e0 une image de r\u00e9f\u00e9rence."},"content":{"rendered":"<p><a href=\"https:\/\/les2t.fr\/wp-content\/uploads\/2014\/09\/microsoft-update.jpg\" rel=\"attachment wp-att-143\"><img loading=\"lazy\" decoding=\"async\" class=\"size-full wp-image-143 aligncenter\" src=\"https:\/\/les2t.fr\/wp-content\/uploads\/2014\/09\/microsoft-update.jpg\" alt=\"microsoft-update\" width=\"198\" height=\"198\" srcset=\"https:\/\/les2t.fr\/wp-content\/uploads\/2014\/09\/microsoft-update.jpg 198w, https:\/\/les2t.fr\/wp-content\/uploads\/2014\/09\/microsoft-update-150x150.jpg 150w, https:\/\/les2t.fr\/wp-content\/uploads\/2014\/09\/microsoft-update-50x50.jpg 50w\" sizes=\"(max-width: 198px) 100vw, 198px\" \/><\/a><br \/>\nSi pour construire vos images syst\u00e8me vous utilisez Windows Update comme point de mise \u00e0 jour et pas de WSUS d\u00e9di\u00e9, vous int\u00e9grerez les .Net 4.6.1 par d\u00e9faut. Dans certain cas il se peut que vous n\u2019ayez pas besoin de cette mise \u00e0 jour.<br \/>\nC\u2019est pourquoi Jorgen Nilsson, qui a d\u00e9j\u00e0 \u00e9crit sur ce sujet plusieurs articles, nous propose diff\u00e9rentes solutions.<\/p>\n<p><!--more--><br \/>\nVous y trouverez comment dans MDT \u00e0 partir du Customsettings.ini et de ZTIWindowsUpdate.wsf interdire l\u2019installation de ce KB (WUMU_ExcludeKB001=3102433), ou de SCCM via variable de s\u00e9quence de tache, ou encore via une cl\u00e9 registre interdisant l\u2019installation (reg add \u00ab\u00a0HKLM \\ SOFTWARE \\ Microsoft \\ Setup NET Framework \\ NPD \\ WU\u00a0\u00bb \/ v \u00ab\u00a0BlockNetFramework461\u00a0\u00bb \/ j \u00ab\u00a01\u00a0\u00bb \/ t REG_DWORD \/ f) \u00e0 supprimer si vous d\u00e9sirez ensuite l\u2019installer.<\/p>\n<ul>\n<li>L\u2019article de Jorgen : <a href=\"http:\/\/ccmexec.com\/2016\/02\/excluding-net-framework-4-6-1-when-building-a-reference-image\/\" target=\"_blank\">ICI<\/a><\/li>\n<\/ul>\n<p>&nbsp;<\/p>","protected":false},"excerpt":{"rendered":"<p>Si pour construire vos images syst\u00e8me vous utilisez Windows Update comme point de mise \u00e0 jour et pas de WSUS d\u00e9di\u00e9, vous int\u00e9grerez les .Net 4.6.1 par d\u00e9faut. Dans certain cas il se peut que vous n\u2019ayez pas besoin de cette mise \u00e0 jour. C\u2019est pourquoi Jorgen Nilsson, qui a d\u00e9j\u00e0 \u00e9crit sur ce sujet [&hellip;]<\/p>","protected":false},"author":1,"featured_media":0,"comment_status":"closed","ping_status":"closed","sticky":false,"template":"","format":"standard","meta":{"_et_pb_use_builder":"","_et_pb_old_content":"","_et_gb_content_width":"","_jetpack_memberships_contains_paid_content":false,"footnotes":""},"categories":[46,198],"tags":[193,15,14,167,36,27,165,164,73,22,160,48],"class_list":["post-1752","post","type-post","status-publish","format-standard","hentry","category-mdt","category-sccm","tag-configmgr-1511","tag-configmgr-2007","tag-configmgr-2012","tag-mdt","tag-microsoft","tag-mises-a-jour","tag-sccm-2007","tag-sccm-2012","tag-script","tag-system-center-configuration-manager","tag-truc-et-astuces","tag-windows"],"yoast_head":"<!-- This site is optimized with the Yoast SEO plugin v25.3.1 - https:\/\/yoast.com\/wordpress\/plugins\/seo\/ -->\n<title>MDT\\SCCM \u2013 ne pas ajouter les .net 4.6.1 \u00e0 une image de r\u00e9f\u00e9rence. - Les2T<\/title>\n<meta name=\"robots\" content=\"index, follow, max-snippet:-1, max-image-preview:large, max-video-preview:-1\" \/>\n<link rel=\"canonical\" href=\"https:\/\/les2t.fr\/en_us\/mdtsccm-ajouter-les-net-4-6-1-a-une-image-de-reference\/\" \/>\n<meta property=\"og:locale\" content=\"en_US\" \/>\n<meta property=\"og:type\" content=\"article\" \/>\n<meta property=\"og:title\" content=\"MDT\\SCCM \u2013 ne pas ajouter les .net 4.6.1 \u00e0 une image de r\u00e9f\u00e9rence. - Les2T\" \/>\n<meta property=\"og:description\" content=\"Si pour construire vos images syst\u00e8me vous utilisez Windows Update comme point de mise \u00e0 jour et pas de WSUS d\u00e9di\u00e9, vous int\u00e9grerez les .Net 4.6.1 par d\u00e9faut. Dans certain cas il se peut que vous n\u2019ayez pas besoin de cette mise \u00e0 jour. C\u2019est pourquoi Jorgen Nilsson, qui a d\u00e9j\u00e0 \u00e9crit sur ce sujet [&hellip;]\" \/>\n<meta property=\"og:url\" content=\"https:\/\/les2t.fr\/en_us\/mdtsccm-ajouter-les-net-4-6-1-a-une-image-de-reference\/\" \/>\n<meta property=\"og:site_name\" content=\"Les2T\" \/>\n<meta property=\"article:published_time\" content=\"2016-02-17T07:35:21+00:00\" \/>\n<meta property=\"article:modified_time\" content=\"2016-02-17T07:35:45+00:00\" \/>\n<meta property=\"og:image\" content=\"https:\/\/les2t.fr\/wp-content\/uploads\/2014\/09\/microsoft-update.jpg\" \/>\n<meta name=\"author\" content=\"TRARBACH Jean-Yves\" \/>\n<meta name=\"twitter:card\" content=\"summary_large_image\" \/>\n<meta name=\"twitter:label1\" content=\"Written by\" \/>\n\t<meta name=\"twitter:data1\" content=\"TRARBACH Jean-Yves\" \/>\n\t<meta name=\"twitter:label2\" content=\"Est. reading time\" \/>\n\t<meta name=\"twitter:data2\" content=\"1 minute\" \/>\n<script type=\"application\/ld+json\" class=\"yoast-schema-graph\">{\"@context\":\"https:\/\/schema.org\",\"@graph\":[{\"@type\":\"WebPage\",\"@id\":\"https:\/\/les2t.fr\/mdtsccm-ajouter-les-net-4-6-1-a-une-image-de-reference\/\",\"url\":\"https:\/\/les2t.fr\/mdtsccm-ajouter-les-net-4-6-1-a-une-image-de-reference\/\",\"name\":\"MDT\\\\SCCM \u2013 ne pas ajouter les .net 4.6.1 \u00e0 une image de r\u00e9f\u00e9rence. - Les2T\",\"isPartOf\":{\"@id\":\"https:\/\/les2t.fr\/fr_fr\/#website\"},\"primaryImageOfPage\":{\"@id\":\"https:\/\/les2t.fr\/mdtsccm-ajouter-les-net-4-6-1-a-une-image-de-reference\/#primaryimage\"},\"image\":{\"@id\":\"https:\/\/les2t.fr\/mdtsccm-ajouter-les-net-4-6-1-a-une-image-de-reference\/#primaryimage\"},\"thumbnailUrl\":\"https:\/\/les2t.fr\/wp-content\/uploads\/2014\/09\/microsoft-update.jpg\",\"datePublished\":\"2016-02-17T07:35:21+00:00\",\"dateModified\":\"2016-02-17T07:35:45+00:00\",\"author\":{\"@id\":\"https:\/\/les2t.fr\/fr_fr\/#\/schema\/person\/d96bb4f512f9aeb12dc923def245768e\"},\"breadcrumb\":{\"@id\":\"https:\/\/les2t.fr\/mdtsccm-ajouter-les-net-4-6-1-a-une-image-de-reference\/#breadcrumb\"},\"inLanguage\":\"en-US\",\"potentialAction\":[{\"@type\":\"ReadAction\",\"target\":[\"https:\/\/les2t.fr\/mdtsccm-ajouter-les-net-4-6-1-a-une-image-de-reference\/\"]}]},{\"@type\":\"ImageObject\",\"inLanguage\":\"en-US\",\"@id\":\"https:\/\/les2t.fr\/mdtsccm-ajouter-les-net-4-6-1-a-une-image-de-reference\/#primaryimage\",\"url\":\"https:\/\/les2t.fr\/wp-content\/uploads\/2014\/09\/microsoft-update.jpg\",\"contentUrl\":\"https:\/\/les2t.fr\/wp-content\/uploads\/2014\/09\/microsoft-update.jpg\"},{\"@type\":\"BreadcrumbList\",\"@id\":\"https:\/\/les2t.fr\/mdtsccm-ajouter-les-net-4-6-1-a-une-image-de-reference\/#breadcrumb\",\"itemListElement\":[{\"@type\":\"ListItem\",\"position\":1,\"name\":\"Home\",\"item\":\"https:\/\/les2t.fr\/fr_fr\/\"},{\"@type\":\"ListItem\",\"position\":2,\"name\":\"MDT\\\\SCCM \u2013 ne pas ajouter les .net 4.6.1 \u00e0 une image de r\u00e9f\u00e9rence.\"}]},{\"@type\":\"WebSite\",\"@id\":\"https:\/\/les2t.fr\/fr_fr\/#website\",\"url\":\"https:\/\/les2t.fr\/fr_fr\/\",\"name\":\"Les2T\",\"description\":\"| BLOG  IT |\",\"potentialAction\":[{\"@type\":\"SearchAction\",\"target\":{\"@type\":\"EntryPoint\",\"urlTemplate\":\"https:\/\/les2t.fr\/fr_fr\/?s={search_term_string}\"},\"query-input\":{\"@type\":\"PropertyValueSpecification\",\"valueRequired\":true,\"valueName\":\"search_term_string\"}}],\"inLanguage\":\"en-US\"},{\"@type\":\"Person\",\"@id\":\"https:\/\/les2t.fr\/fr_fr\/#\/schema\/person\/d96bb4f512f9aeb12dc923def245768e\",\"name\":\"TRARBACH Jean-Yves\",\"image\":{\"@type\":\"ImageObject\",\"inLanguage\":\"en-US\",\"@id\":\"https:\/\/les2t.fr\/fr_fr\/#\/schema\/person\/image\/\",\"url\":\"https:\/\/les2t.fr\/wp-content\/uploads\/2023\/02\/JeanYvestrarbach-96x96.jpg\",\"contentUrl\":\"https:\/\/les2t.fr\/wp-content\/uploads\/2023\/02\/JeanYvestrarbach-96x96.jpg\",\"caption\":\"TRARBACH Jean-Yves\"},\"description\":\"Head Of Modern Workplace Metsys MVP Windows &amp; devices For IT\",\"sameAs\":[\"https:\/\/les2t.fr\/jean-yves-trarbach\/\"],\"url\":\"https:\/\/les2t.fr\/en_us\/author\/kounac\/\"}]}<\/script>\n<!-- \/ Yoast SEO plugin. -->","yoast_head_json":{"title":"MDT\\SCCM \u2013 ne pas ajouter les .net 4.6.1 \u00e0 une image de r\u00e9f\u00e9rence. - Les2T","robots":{"index":"index","follow":"follow","max-snippet":"max-snippet:-1","max-image-preview":"max-image-preview:large","max-video-preview":"max-video-preview:-1"},"canonical":"https:\/\/les2t.fr\/en_us\/mdtsccm-ajouter-les-net-4-6-1-a-une-image-de-reference\/","og_locale":"en_US","og_type":"article","og_title":"MDT\\SCCM \u2013 ne pas ajouter les .net 4.6.1 \u00e0 une image de r\u00e9f\u00e9rence. - Les2T","og_description":"Si pour construire vos images syst\u00e8me vous utilisez Windows Update comme point de mise \u00e0 jour et pas de WSUS d\u00e9di\u00e9, vous int\u00e9grerez les .Net 4.6.1 par d\u00e9faut. Dans certain cas il se peut que vous n\u2019ayez pas besoin de cette mise \u00e0 jour. C\u2019est pourquoi Jorgen Nilsson, qui a d\u00e9j\u00e0 \u00e9crit sur ce sujet [&hellip;]","og_url":"https:\/\/les2t.fr\/en_us\/mdtsccm-ajouter-les-net-4-6-1-a-une-image-de-reference\/","og_site_name":"Les2T","article_published_time":"2016-02-17T07:35:21+00:00","article_modified_time":"2016-02-17T07:35:45+00:00","og_image":[{"url":"https:\/\/les2t.fr\/wp-content\/uploads\/2014\/09\/microsoft-update.jpg","type":"","width":"","height":""}],"author":"TRARBACH Jean-Yves","twitter_card":"summary_large_image","twitter_misc":{"Written by":"TRARBACH Jean-Yves","Est. reading time":"1 minute"},"schema":{"@context":"https:\/\/schema.org","@graph":[{"@type":"WebPage","@id":"https:\/\/les2t.fr\/mdtsccm-ajouter-les-net-4-6-1-a-une-image-de-reference\/","url":"https:\/\/les2t.fr\/mdtsccm-ajouter-les-net-4-6-1-a-une-image-de-reference\/","name":"MDT\\SCCM \u2013 ne pas ajouter les .net 4.6.1 \u00e0 une image de r\u00e9f\u00e9rence. - Les2T","isPartOf":{"@id":"https:\/\/les2t.fr\/fr_fr\/#website"},"primaryImageOfPage":{"@id":"https:\/\/les2t.fr\/mdtsccm-ajouter-les-net-4-6-1-a-une-image-de-reference\/#primaryimage"},"image":{"@id":"https:\/\/les2t.fr\/mdtsccm-ajouter-les-net-4-6-1-a-une-image-de-reference\/#primaryimage"},"thumbnailUrl":"https:\/\/les2t.fr\/wp-content\/uploads\/2014\/09\/microsoft-update.jpg","datePublished":"2016-02-17T07:35:21+00:00","dateModified":"2016-02-17T07:35:45+00:00","author":{"@id":"https:\/\/les2t.fr\/fr_fr\/#\/schema\/person\/d96bb4f512f9aeb12dc923def245768e"},"breadcrumb":{"@id":"https:\/\/les2t.fr\/mdtsccm-ajouter-les-net-4-6-1-a-une-image-de-reference\/#breadcrumb"},"inLanguage":"en-US","potentialAction":[{"@type":"ReadAction","target":["https:\/\/les2t.fr\/mdtsccm-ajouter-les-net-4-6-1-a-une-image-de-reference\/"]}]},{"@type":"ImageObject","inLanguage":"en-US","@id":"https:\/\/les2t.fr\/mdtsccm-ajouter-les-net-4-6-1-a-une-image-de-reference\/#primaryimage","url":"https:\/\/les2t.fr\/wp-content\/uploads\/2014\/09\/microsoft-update.jpg","contentUrl":"https:\/\/les2t.fr\/wp-content\/uploads\/2014\/09\/microsoft-update.jpg"},{"@type":"BreadcrumbList","@id":"https:\/\/les2t.fr\/mdtsccm-ajouter-les-net-4-6-1-a-une-image-de-reference\/#breadcrumb","itemListElement":[{"@type":"ListItem","position":1,"name":"Home","item":"https:\/\/les2t.fr\/fr_fr\/"},{"@type":"ListItem","position":2,"name":"MDT\\SCCM \u2013 ne pas ajouter les .net 4.6.1 \u00e0 une image de r\u00e9f\u00e9rence."}]},{"@type":"WebSite","@id":"https:\/\/les2t.fr\/fr_fr\/#website","url":"https:\/\/les2t.fr\/fr_fr\/","name":"Les2T","description":"| BLOG  IT |","potentialAction":[{"@type":"SearchAction","target":{"@type":"EntryPoint","urlTemplate":"https:\/\/les2t.fr\/fr_fr\/?s={search_term_string}"},"query-input":{"@type":"PropertyValueSpecification","valueRequired":true,"valueName":"search_term_string"}}],"inLanguage":"en-US"},{"@type":"Person","@id":"https:\/\/les2t.fr\/fr_fr\/#\/schema\/person\/d96bb4f512f9aeb12dc923def245768e","name":"TRARBACH Jean-Yves","image":{"@type":"ImageObject","inLanguage":"en-US","@id":"https:\/\/les2t.fr\/fr_fr\/#\/schema\/person\/image\/","url":"https:\/\/les2t.fr\/wp-content\/uploads\/2023\/02\/JeanYvestrarbach-96x96.jpg","contentUrl":"https:\/\/les2t.fr\/wp-content\/uploads\/2023\/02\/JeanYvestrarbach-96x96.jpg","caption":"TRARBACH Jean-Yves"},"description":"Head Of Modern Workplace Metsys MVP Windows &amp; devices For IT","sameAs":["https:\/\/les2t.fr\/jean-yves-trarbach\/"],"url":"https:\/\/les2t.fr\/en_us\/author\/kounac\/"}]}},"jetpack_featured_media_url":"","jetpack_sharing_enabled":true,"_links":{"self":[{"href":"https:\/\/les2t.fr\/en_us\/wp-json\/wp\/v2\/posts\/1752","targetHints":{"allow":["GET"]}}],"collection":[{"href":"https:\/\/les2t.fr\/en_us\/wp-json\/wp\/v2\/posts"}],"about":[{"href":"https:\/\/les2t.fr\/en_us\/wp-json\/wp\/v2\/types\/post"}],"author":[{"embeddable":true,"href":"https:\/\/les2t.fr\/en_us\/wp-json\/wp\/v2\/users\/1"}],"replies":[{"embeddable":true,"href":"https:\/\/les2t.fr\/en_us\/wp-json\/wp\/v2\/comments?post=1752"}],"version-history":[{"count":0,"href":"https:\/\/les2t.fr\/en_us\/wp-json\/wp\/v2\/posts\/1752\/revisions"}],"wp:attachment":[{"href":"https:\/\/les2t.fr\/en_us\/wp-json\/wp\/v2\/media?parent=1752"}],"wp:term":[{"taxonomy":"category","embeddable":true,"href":"https:\/\/les2t.fr\/en_us\/wp-json\/wp\/v2\/categories?post=1752"},{"taxonomy":"post_tag","embeddable":true,"href":"https:\/\/les2t.fr\/en_us\/wp-json\/wp\/v2\/tags?post=1752"}],"curies":[{"name":"wp","href":"https:\/\/api.w.org\/{rel}","templated":true}]}}