{"id":1296,"date":"2015-08-31T09:41:15","date_gmt":"2015-08-31T07:41:15","guid":{"rendered":"http:\/\/lestfrexgn.cluster020.hosting.ovh.net\/?p=1296"},"modified":"2015-08-27T13:46:20","modified_gmt":"2015-08-27T11:46:20","slug":"windows-10-affichage-flou-dapplications","status":"publish","type":"post","link":"https:\/\/les2t.fr\/en_us\/windows-10-affichage-flou-dapplications\/","title":{"rendered":"Windows 10 \u2013 Affichage flou d\u2019applications"},"content":{"rendered":"<p><a href=\"https:\/\/les2t.fr\/wp-content\/uploads\/2015\/03\/windows-10-logo.png\"><img loading=\"lazy\" decoding=\"async\" class=\"size-full wp-image-780 aligncenter\" src=\"https:\/\/les2t.fr\/wp-content\/uploads\/2015\/03\/windows-10-logo.png\" alt=\"windows-10-logo\" width=\"256\" height=\"256\" srcset=\"https:\/\/les2t.fr\/wp-content\/uploads\/2015\/03\/windows-10-logo.png 256w, https:\/\/les2t.fr\/wp-content\/uploads\/2015\/03\/windows-10-logo-150x150.png 150w, https:\/\/les2t.fr\/wp-content\/uploads\/2015\/03\/windows-10-logo-50x50.png 50w\" sizes=\"(max-width: 256px) 100vw, 256px\" \/><\/a><\/p>\n<p>Il peut arriver, comme sous Windows 8.1 que certaines de vos applications apparaissent floues \u00e0 l\u2019\u00e9cran. Si vos drivers vid\u00e9o sont \u00e0 jour, pas de panique, voici comment l\u2019\u00e9viter.<\/p>\n<p><!--more--><br \/>\nAllez dans les param\u00e8tres depuis l\u2019ic\u00f4ne Windows.<\/p>\n<p><a href=\"https:\/\/les2t.fr\/wp-content\/uploads\/2015\/08\/w10_flou1.jpg\"><img loading=\"lazy\" decoding=\"async\" class=\"size-medium wp-image-1297 aligncenter\" src=\"https:\/\/les2t.fr\/wp-content\/uploads\/2015\/08\/w10_flou1-300x167.jpg\" alt=\"w10_flou1\" width=\"300\" height=\"167\" srcset=\"https:\/\/les2t.fr\/wp-content\/uploads\/2015\/08\/w10_flou1-300x167.jpg 300w, https:\/\/les2t.fr\/wp-content\/uploads\/2015\/08\/w10_flou1.jpg 1016w\" sizes=\"(max-width: 300px) 100vw, 300px\" \/><\/a><br \/>\nEt cliquez sur Syst\u00e8me<\/p>\n<p><a href=\"https:\/\/les2t.fr\/wp-content\/uploads\/2015\/08\/w10_flou2.jpg\"><img loading=\"lazy\" decoding=\"async\" class=\"size-medium wp-image-1298 aligncenter\" src=\"https:\/\/les2t.fr\/wp-content\/uploads\/2015\/08\/w10_flou2-300x202.jpg\" alt=\"w10_flou2\" width=\"300\" height=\"202\" srcset=\"https:\/\/les2t.fr\/wp-content\/uploads\/2015\/08\/w10_flou2-300x202.jpg 300w, https:\/\/les2t.fr\/wp-content\/uploads\/2015\/08\/w10_flou2.jpg 1001w\" sizes=\"(max-width: 300px) 100vw, 300px\" \/><\/a><br \/>\nDans Affichage cliquez sur Param\u00e8tres d\u2019affichage avanc\u00e9s.<\/p>\n<p><a href=\"https:\/\/les2t.fr\/wp-content\/uploads\/2015\/08\/w10_flou3.jpg\"><img loading=\"lazy\" decoding=\"async\" class=\"size-medium wp-image-1299 aligncenter\" src=\"https:\/\/les2t.fr\/wp-content\/uploads\/2015\/08\/w10_flou3-300x256.jpg\" alt=\"w10_flou3\" width=\"300\" height=\"256\" srcset=\"https:\/\/les2t.fr\/wp-content\/uploads\/2015\/08\/w10_flou3-300x256.jpg 300w, https:\/\/les2t.fr\/wp-content\/uploads\/2015\/08\/w10_flou3.jpg 789w\" sizes=\"(max-width: 300px) 100vw, 300px\" \/><\/a><br \/>\nCliquez sur Dimensionnement avanc\u00e9 du texte et des autres \u00e9l\u00e9ments et dans le texte du haut cliquez sur d\u00e9finir un niveau de mise \u00e0 l\u2019\u00e9chelle personnalis\u00e9.<\/p>\n<p><a href=\"https:\/\/les2t.fr\/wp-content\/uploads\/2015\/08\/w10_flou4.jpg\"><img loading=\"lazy\" decoding=\"async\" class=\"size-medium wp-image-1300 aligncenter\" src=\"https:\/\/les2t.fr\/wp-content\/uploads\/2015\/08\/w10_flou4-300x176.jpg\" alt=\"w10_flou4\" width=\"300\" height=\"176\" srcset=\"https:\/\/les2t.fr\/wp-content\/uploads\/2015\/08\/w10_flou4-300x176.jpg 300w, https:\/\/les2t.fr\/wp-content\/uploads\/2015\/08\/w10_flou4.jpg 835w\" sizes=\"(max-width: 300px) 100vw, 300px\" \/><\/a><br \/>\nVous allez devoir t\u00e2tonner pour trouver le bon param\u00e8tre. Ce qui vous demandera de fermer puis rouvrir votre session.<\/p>\n<p><a href=\"https:\/\/les2t.fr\/wp-content\/uploads\/2015\/08\/w10_flou5.jpg\"><img loading=\"lazy\" decoding=\"async\" class=\"size-medium wp-image-1301 aligncenter\" src=\"https:\/\/les2t.fr\/wp-content\/uploads\/2015\/08\/w10_flou5-300x144.jpg\" alt=\"w10_flou5\" width=\"300\" height=\"144\" srcset=\"https:\/\/les2t.fr\/wp-content\/uploads\/2015\/08\/w10_flou5-300x144.jpg 300w, https:\/\/les2t.fr\/wp-content\/uploads\/2015\/08\/w10_flou5.jpg 565w\" sizes=\"(max-width: 300px) 100vw, 300px\" \/><\/a><\/p>","protected":false},"excerpt":{"rendered":"<p>Il peut arriver, comme sous Windows 8.1 que certaines de vos applications apparaissent floues \u00e0 l\u2019\u00e9cran. Si vos drivers vid\u00e9o sont \u00e0 jour, pas de panique, voici comment l\u2019\u00e9viter.<\/p>","protected":false},"author":1,"featured_media":0,"comment_status":"closed","ping_status":"closed","sticky":false,"template":"","format":"standard","meta":{"_et_pb_use_builder":"","_et_pb_old_content":"","_et_gb_content_width":"","_jetpack_memberships_contains_paid_content":false,"footnotes":""},"categories":[47],"tags":[36,160,48,168],"class_list":["post-1296","post","type-post","status-publish","format-standard","hentry","category-windows-10","tag-microsoft","tag-truc-et-astuces","tag-windows","tag-windows-10"],"yoast_head":"<!-- This site is optimized with the Yoast SEO plugin v25.3.1 - https:\/\/yoast.com\/wordpress\/plugins\/seo\/ -->\n<title>Windows 10 \u2013 Affichage flou d\u2019applications - Les2T<\/title>\n<meta name=\"robots\" content=\"index, follow, max-snippet:-1, max-image-preview:large, max-video-preview:-1\" \/>\n<link rel=\"canonical\" href=\"https:\/\/les2t.fr\/en_us\/windows-10-affichage-flou-dapplications\/\" \/>\n<meta property=\"og:locale\" content=\"en_US\" \/>\n<meta property=\"og:type\" content=\"article\" \/>\n<meta property=\"og:title\" content=\"Windows 10 \u2013 Affichage flou d\u2019applications - Les2T\" \/>\n<meta property=\"og:description\" content=\"Il peut arriver, comme sous Windows 8.1 que certaines de vos applications apparaissent floues \u00e0 l\u2019\u00e9cran. Si vos drivers vid\u00e9o sont \u00e0 jour, pas de panique, voici comment l\u2019\u00e9viter.\" \/>\n<meta property=\"og:url\" content=\"https:\/\/les2t.fr\/en_us\/windows-10-affichage-flou-dapplications\/\" \/>\n<meta property=\"og:site_name\" content=\"Les2T\" \/>\n<meta property=\"article:published_time\" content=\"2015-08-31T07:41:15+00:00\" \/>\n<meta property=\"og:image\" content=\"https:\/\/les2t.fr\/wp-content\/uploads\/2015\/03\/windows-10-logo.png\" \/>\n<meta name=\"author\" content=\"TRARBACH Jean-Yves\" \/>\n<meta name=\"twitter:card\" content=\"summary_large_image\" \/>\n<meta name=\"twitter:label1\" content=\"Written by\" \/>\n\t<meta name=\"twitter:data1\" content=\"TRARBACH Jean-Yves\" \/>\n\t<meta name=\"twitter:label2\" content=\"Est. reading time\" \/>\n\t<meta name=\"twitter:data2\" content=\"1 minute\" \/>\n<script type=\"application\/ld+json\" class=\"yoast-schema-graph\">{\"@context\":\"https:\/\/schema.org\",\"@graph\":[{\"@type\":\"WebPage\",\"@id\":\"https:\/\/les2t.fr\/windows-10-affichage-flou-dapplications\/\",\"url\":\"https:\/\/les2t.fr\/windows-10-affichage-flou-dapplications\/\",\"name\":\"Windows 10 \u2013 Affichage flou d\u2019applications - Les2T\",\"isPartOf\":{\"@id\":\"https:\/\/les2t.fr\/fr_fr\/#website\"},\"primaryImageOfPage\":{\"@id\":\"https:\/\/les2t.fr\/windows-10-affichage-flou-dapplications\/#primaryimage\"},\"image\":{\"@id\":\"https:\/\/les2t.fr\/windows-10-affichage-flou-dapplications\/#primaryimage\"},\"thumbnailUrl\":\"https:\/\/les2t.fr\/wp-content\/uploads\/2015\/03\/windows-10-logo.png\",\"datePublished\":\"2015-08-31T07:41:15+00:00\",\"author\":{\"@id\":\"https:\/\/les2t.fr\/fr_fr\/#\/schema\/person\/d96bb4f512f9aeb12dc923def245768e\"},\"breadcrumb\":{\"@id\":\"https:\/\/les2t.fr\/windows-10-affichage-flou-dapplications\/#breadcrumb\"},\"inLanguage\":\"en-US\",\"potentialAction\":[{\"@type\":\"ReadAction\",\"target\":[\"https:\/\/les2t.fr\/windows-10-affichage-flou-dapplications\/\"]}]},{\"@type\":\"ImageObject\",\"inLanguage\":\"en-US\",\"@id\":\"https:\/\/les2t.fr\/windows-10-affichage-flou-dapplications\/#primaryimage\",\"url\":\"https:\/\/les2t.fr\/wp-content\/uploads\/2015\/03\/windows-10-logo.png\",\"contentUrl\":\"https:\/\/les2t.fr\/wp-content\/uploads\/2015\/03\/windows-10-logo.png\"},{\"@type\":\"BreadcrumbList\",\"@id\":\"https:\/\/les2t.fr\/windows-10-affichage-flou-dapplications\/#breadcrumb\",\"itemListElement\":[{\"@type\":\"ListItem\",\"position\":1,\"name\":\"Home\",\"item\":\"https:\/\/les2t.fr\/fr_fr\/\"},{\"@type\":\"ListItem\",\"position\":2,\"name\":\"Windows 10 \u2013 Affichage flou d\u2019applications\"}]},{\"@type\":\"WebSite\",\"@id\":\"https:\/\/les2t.fr\/fr_fr\/#website\",\"url\":\"https:\/\/les2t.fr\/fr_fr\/\",\"name\":\"Les2T\",\"description\":\"| BLOG  IT |\",\"potentialAction\":[{\"@type\":\"SearchAction\",\"target\":{\"@type\":\"EntryPoint\",\"urlTemplate\":\"https:\/\/les2t.fr\/fr_fr\/?s={search_term_string}\"},\"query-input\":{\"@type\":\"PropertyValueSpecification\",\"valueRequired\":true,\"valueName\":\"search_term_string\"}}],\"inLanguage\":\"en-US\"},{\"@type\":\"Person\",\"@id\":\"https:\/\/les2t.fr\/fr_fr\/#\/schema\/person\/d96bb4f512f9aeb12dc923def245768e\",\"name\":\"TRARBACH Jean-Yves\",\"image\":{\"@type\":\"ImageObject\",\"inLanguage\":\"en-US\",\"@id\":\"https:\/\/les2t.fr\/fr_fr\/#\/schema\/person\/image\/\",\"url\":\"https:\/\/les2t.fr\/wp-content\/uploads\/2023\/02\/JeanYvestrarbach-96x96.jpg\",\"contentUrl\":\"https:\/\/les2t.fr\/wp-content\/uploads\/2023\/02\/JeanYvestrarbach-96x96.jpg\",\"caption\":\"TRARBACH Jean-Yves\"},\"description\":\"Head Of Modern Workplace Metsys MVP Windows &amp; devices For IT\",\"sameAs\":[\"https:\/\/les2t.fr\/jean-yves-trarbach\/\"],\"url\":\"https:\/\/les2t.fr\/en_us\/author\/kounac\/\"}]}<\/script>\n<!-- \/ Yoast SEO plugin. -->","yoast_head_json":{"title":"Windows 10 \u2013 Affichage flou d\u2019applications - Les2T","robots":{"index":"index","follow":"follow","max-snippet":"max-snippet:-1","max-image-preview":"max-image-preview:large","max-video-preview":"max-video-preview:-1"},"canonical":"https:\/\/les2t.fr\/en_us\/windows-10-affichage-flou-dapplications\/","og_locale":"en_US","og_type":"article","og_title":"Windows 10 \u2013 Affichage flou d\u2019applications - Les2T","og_description":"Il peut arriver, comme sous Windows 8.1 que certaines de vos applications apparaissent floues \u00e0 l\u2019\u00e9cran. Si vos drivers vid\u00e9o sont \u00e0 jour, pas de panique, voici comment l\u2019\u00e9viter.","og_url":"https:\/\/les2t.fr\/en_us\/windows-10-affichage-flou-dapplications\/","og_site_name":"Les2T","article_published_time":"2015-08-31T07:41:15+00:00","og_image":[{"url":"https:\/\/les2t.fr\/wp-content\/uploads\/2015\/03\/windows-10-logo.png","type":"","width":"","height":""}],"author":"TRARBACH Jean-Yves","twitter_card":"summary_large_image","twitter_misc":{"Written by":"TRARBACH Jean-Yves","Est. reading time":"1 minute"},"schema":{"@context":"https:\/\/schema.org","@graph":[{"@type":"WebPage","@id":"https:\/\/les2t.fr\/windows-10-affichage-flou-dapplications\/","url":"https:\/\/les2t.fr\/windows-10-affichage-flou-dapplications\/","name":"Windows 10 \u2013 Affichage flou d\u2019applications - Les2T","isPartOf":{"@id":"https:\/\/les2t.fr\/fr_fr\/#website"},"primaryImageOfPage":{"@id":"https:\/\/les2t.fr\/windows-10-affichage-flou-dapplications\/#primaryimage"},"image":{"@id":"https:\/\/les2t.fr\/windows-10-affichage-flou-dapplications\/#primaryimage"},"thumbnailUrl":"https:\/\/les2t.fr\/wp-content\/uploads\/2015\/03\/windows-10-logo.png","datePublished":"2015-08-31T07:41:15+00:00","author":{"@id":"https:\/\/les2t.fr\/fr_fr\/#\/schema\/person\/d96bb4f512f9aeb12dc923def245768e"},"breadcrumb":{"@id":"https:\/\/les2t.fr\/windows-10-affichage-flou-dapplications\/#breadcrumb"},"inLanguage":"en-US","potentialAction":[{"@type":"ReadAction","target":["https:\/\/les2t.fr\/windows-10-affichage-flou-dapplications\/"]}]},{"@type":"ImageObject","inLanguage":"en-US","@id":"https:\/\/les2t.fr\/windows-10-affichage-flou-dapplications\/#primaryimage","url":"https:\/\/les2t.fr\/wp-content\/uploads\/2015\/03\/windows-10-logo.png","contentUrl":"https:\/\/les2t.fr\/wp-content\/uploads\/2015\/03\/windows-10-logo.png"},{"@type":"BreadcrumbList","@id":"https:\/\/les2t.fr\/windows-10-affichage-flou-dapplications\/#breadcrumb","itemListElement":[{"@type":"ListItem","position":1,"name":"Home","item":"https:\/\/les2t.fr\/fr_fr\/"},{"@type":"ListItem","position":2,"name":"Windows 10 \u2013 Affichage flou d\u2019applications"}]},{"@type":"WebSite","@id":"https:\/\/les2t.fr\/fr_fr\/#website","url":"https:\/\/les2t.fr\/fr_fr\/","name":"Les2T","description":"| BLOG  IT |","potentialAction":[{"@type":"SearchAction","target":{"@type":"EntryPoint","urlTemplate":"https:\/\/les2t.fr\/fr_fr\/?s={search_term_string}"},"query-input":{"@type":"PropertyValueSpecification","valueRequired":true,"valueName":"search_term_string"}}],"inLanguage":"en-US"},{"@type":"Person","@id":"https:\/\/les2t.fr\/fr_fr\/#\/schema\/person\/d96bb4f512f9aeb12dc923def245768e","name":"TRARBACH Jean-Yves","image":{"@type":"ImageObject","inLanguage":"en-US","@id":"https:\/\/les2t.fr\/fr_fr\/#\/schema\/person\/image\/","url":"https:\/\/les2t.fr\/wp-content\/uploads\/2023\/02\/JeanYvestrarbach-96x96.jpg","contentUrl":"https:\/\/les2t.fr\/wp-content\/uploads\/2023\/02\/JeanYvestrarbach-96x96.jpg","caption":"TRARBACH Jean-Yves"},"description":"Head Of Modern Workplace Metsys MVP Windows &amp; devices For IT","sameAs":["https:\/\/les2t.fr\/jean-yves-trarbach\/"],"url":"https:\/\/les2t.fr\/en_us\/author\/kounac\/"}]}},"jetpack_featured_media_url":"","jetpack_sharing_enabled":true,"_links":{"self":[{"href":"https:\/\/les2t.fr\/en_us\/wp-json\/wp\/v2\/posts\/1296","targetHints":{"allow":["GET"]}}],"collection":[{"href":"https:\/\/les2t.fr\/en_us\/wp-json\/wp\/v2\/posts"}],"about":[{"href":"https:\/\/les2t.fr\/en_us\/wp-json\/wp\/v2\/types\/post"}],"author":[{"embeddable":true,"href":"https:\/\/les2t.fr\/en_us\/wp-json\/wp\/v2\/users\/1"}],"replies":[{"embeddable":true,"href":"https:\/\/les2t.fr\/en_us\/wp-json\/wp\/v2\/comments?post=1296"}],"version-history":[{"count":0,"href":"https:\/\/les2t.fr\/en_us\/wp-json\/wp\/v2\/posts\/1296\/revisions"}],"wp:attachment":[{"href":"https:\/\/les2t.fr\/en_us\/wp-json\/wp\/v2\/media?parent=1296"}],"wp:term":[{"taxonomy":"category","embeddable":true,"href":"https:\/\/les2t.fr\/en_us\/wp-json\/wp\/v2\/categories?post=1296"},{"taxonomy":"post_tag","embeddable":true,"href":"https:\/\/les2t.fr\/en_us\/wp-json\/wp\/v2\/tags?post=1296"}],"curies":[{"name":"wp","href":"https:\/\/api.w.org\/{rel}","templated":true}]}}